{"id":16097,"date":"2025-07-11T18:32:47","date_gmt":"2025-07-11T21:32:47","guid":{"rendered":"https:\/\/www.noticiasmas.com.ar\/?p=16097"},"modified":"2025-07-11T18:32:51","modified_gmt":"2025-07-11T21:32:51","slug":"el-frente-amplio-por-la-soberania-difunde-sus-propuestas-de-cara-a-las-elecciones-legislativas-nacionales","status":"publish","type":"post","link":"https:\/\/www.noticiasmas.com.ar\/index.php\/2025\/07\/11\/el-frente-amplio-por-la-soberania-difunde-sus-propuestas-de-cara-a-las-elecciones-legislativas-nacionales\/","title":{"rendered":"EL FRENTE AMPLIO POR LA SOBERAN\u00cdA DIFUNDE SUS PROPUESTAS DE CARA A LAS ELECCIONES LEGISLATIVAS NACIONALES"},"content":{"rendered":"\n<p>En el marco de un a\u00f1o de elecciones legislativas que conformar\u00e1n un nuevo Congreso nacional a partir de 2026 , desde el Frente Amplio por la Soberan\u00eda, , un espacio provincial opositor a las pol\u00edticas del gobierno nacional y tambi\u00e9n provincial \u2013 expresaron en un comunicado sus propuestas y denuncias<\/p>\n\n\n\n<p>En ese marco, el texto del FAS comienza se\u00f1alando que el espacio pol\u00edtico \u201cdesde de la provincia de Santa Fe\u201d, segundo territorio en riqueza y con casi 700 mil personas por debajo de la l\u00ednea de la pobreza, declara \u201cla necesidad de luchar contra el saqueo y el ataque a los derechos fundamentales de la ciudadan\u00eda planificados por el gobierno de Javier Milei y acompa\u00f1ado por administraciones como las de Maximiliano Pullaro\u201d.<\/p>\n\n\n\n<p>Para ello, independiente de poderes econ\u00f3micos, legales e ilegales, \u201cdecide ofrecerle al pueblo de este territorio una lista de candidatas y candidatos para ocupar un lugar de denuncia y propuestas en el Congreso de la Naci\u00f3n\u201d, contin\u00faa el comunicado .<\/p>\n\n\n\n<p>En ese orden el FAS propone \u201ccontinuar la lucha contra el narcotr\u00e1fico, la impunidad de delincuentes de guante blanco como los de Vicent\u00edn, recuperar las riquezas que se van por el r\u00edo Paran\u00e1, defender derechos laborales, sociales, civiles, de g\u00e9nero, ni\u00f1ez, ambientales, educativos y vejez con el objetivo de democratizar la felicidad\u201d.<\/p>\n\n\n\n<p>\u201cSiempre fuimos la voz que molesta al poder y esa \u00e9tica es la que queremos trasladar desde Santa Fe a la Naci\u00f3n\u201d, apunt\u00f3 el espacio que tiene entre sus integrantes al diputado provincial, Carlos del Frade .<\/p>\n\n\n\n<p>Asimismo, para el FAS: \u201cLa independencia debe continuar en la necesidad de recuperar nuestras cabezas para que piensen por s\u00ed mismas y sintonicen con las urgencias existenciales. La Independencia debe garantizar igualdad, libertad, autonom\u00eda, vidas dignas y sin miedo para mujeres, gays, lesbianas, travestis\u201d .<\/p>\n\n\n\n<p>\u201cNuestra bandera \u2013 contin\u00faa el comunicado &#8211; es un humanismo beligerante ante tanta mentira y crueldad institucionalizada que usa el Estado al servicio de la extranjerizaci\u00f3n y concentraci\u00f3n de riquezas, al mismo tiempo que mete miedo a la poblaci\u00f3n con la excusa de combatir el llamado narcoterrorismo. Nuestra celeste y blanca abraza las banderas multicolores de la diversidad cultural, de g\u00e9nero, funcional, y de todo sector atacado por el odio que gobierna\u201d.<\/p>\n\n\n\n<p>En tanto, el espacio \u2013 en el marco del \u00faltimo 9 de julio \u2013 indic\u00f3 que, \u201ca 209 a\u00f1os de la declaraci\u00f3n de una independencia que todav\u00eda no es, el Frente Amplio por la Soberan\u00eda propone la \u00e9tica de mujeres y hombres que siempre pusieron la cabeza, el alma y el cuerpo a disposici\u00f3n de una vida mejor para nuestras hijas, nuestros hijos, nuestros amores\u201d.<\/p>\n\n\n\n<p>\u201cLas y los invitamos a acompa\u00f1ar la propuesta del FAS para hacer escuchar en el Congreso de la Naci\u00f3n la voz que siempre molesta al poder.\u201d, complet\u00f3 el texto<\/p>\n","protected":false},"excerpt":{"rendered":"<p>En el marco de un a\u00f1o de elecciones legislativas que conformar\u00e1n un nuevo Congreso nacional a partir de 2026 , desde el Frente Amplio por la Soberan\u00eda, , un espacio provincial opositor a las pol\u00edticas del gobierno nacional y tambi\u00e9n provincial \u2013 expresaron en un comunicado sus propuestas y denuncias En ese marco, el texto [&hellip;]<\/p>\n","protected":false},"author":5,"featured_media":16098,"comment_status":"closed","ping_status":"open","sticky":false,"template":"","format":"standard","meta":{"tdm_status":"","tdm_grid_status":"","footnotes":""},"categories":[8],"tags":[4835,3080,4834,18],"class_list":{"0":"post-16097","1":"post","2":"type-post","3":"status-publish","4":"format-standard","5":"has-post-thumbnail","7":"category-politica","8":"tag-elecciones-octubre","9":"tag-frente-amplio-por-la-soberania","10":"tag-propuestas-electorales","11":"tag-santa-fe"},"_links":{"self":[{"href":"https:\/\/www.noticiasmas.com.ar\/index.php\/wp-json\/wp\/v2\/posts\/16097","targetHints":{"allow":["GET"]}}],"collection":[{"href":"https:\/\/www.noticiasmas.com.ar\/index.php\/wp-json\/wp\/v2\/posts"}],"about":[{"href":"https:\/\/www.noticiasmas.com.ar\/index.php\/wp-json\/wp\/v2\/types\/post"}],"author":[{"embeddable":true,"href":"https:\/\/www.noticiasmas.com.ar\/index.php\/wp-json\/wp\/v2\/users\/5"}],"replies":[{"embeddable":true,"href":"https:\/\/www.noticiasmas.com.ar\/index.php\/wp-json\/wp\/v2\/comments?post=16097"}],"version-history":[{"count":1,"href":"https:\/\/www.noticiasmas.com.ar\/index.php\/wp-json\/wp\/v2\/posts\/16097\/revisions"}],"predecessor-version":[{"id":16099,"href":"https:\/\/www.noticiasmas.com.ar\/index.php\/wp-json\/wp\/v2\/posts\/16097\/revisions\/16099"}],"wp:featuredmedia":[{"embeddable":true,"href":"https:\/\/www.noticiasmas.com.ar\/index.php\/wp-json\/wp\/v2\/media\/16098"}],"wp:attachment":[{"href":"https:\/\/www.noticiasmas.com.ar\/index.php\/wp-json\/wp\/v2\/media?parent=16097"}],"wp:term":[{"taxonomy":"category","embeddable":true,"href":"https:\/\/www.noticiasmas.com.ar\/index.php\/wp-json\/wp\/v2\/categories?post=16097"},{"taxonomy":"post_tag","embeddable":true,"href":"https:\/\/www.noticiasmas.com.ar\/index.php\/wp-json\/wp\/v2\/tags?post=16097"}],"curies":[{"name":"wp","href":"https:\/\/api.w.org\/{rel}","templated":true}]}}