{"id":16110,"date":"2025-07-14T08:51:29","date_gmt":"2025-07-14T11:51:29","guid":{"rendered":"https:\/\/www.noticiasmas.com.ar\/?p=16110"},"modified":"2025-07-14T08:51:32","modified_gmt":"2025-07-14T11:51:32","slug":"pechito-lopez-volvio-al-triunfo-en-las-6-horas-de-san-pablo-del-wec","status":"publish","type":"post","link":"https:\/\/www.noticiasmas.com.ar\/index.php\/2025\/07\/14\/pechito-lopez-volvio-al-triunfo-en-las-6-horas-de-san-pablo-del-wec\/","title":{"rendered":"Pechito L\u00f3pez volvi\u00f3 al triunfo en las 6 horas de San Pablo del WEC"},"content":{"rendered":"\n<p>El argentino Jos\u00e9 Mar\u00eda Pechito L\u00f3pez fue parte del trinomio ganador de las 6 horas de San Pablo del World Endurance Championship disputado este fin de semana en el aut\u00f3dromo de Interlagos, en Brasil.<\/p>\n\n\n\n<p>El Lexus n\u00famero 87 del equipo Akkodis gan\u00f3 la competencia de la categor\u00eda GT3 con el pilotaje del rumano Peter Umbrarescu, el austr\u00edaco Clements Schmidt y el argentino, quien volvi\u00f3 al triunfo en el mundial de resistencia luego de dos a\u00f1os.&nbsp;<\/p>\n\n\n\n<p>La \u00faltima victoria del piloto argentino hab\u00eda sido en las 6 horas de Fuji de 2023, cuando a\u00fan era piloto del exitoso Toyota Gazoo Racing en la categor\u00eda Hypercar, temporada donde salieron subcampeones.<\/p>\n\n\n\n<p>Ya en la clase menor, los Lexus del equipo Akkodis van encontrando poco a poco su rendimiento, ya que se incorporaron reci\u00e9n hace dos temporadas como parte de un proyecto a largo plazo de la marca japonesa a la que represent\u00f3 Pechito durante varias temporadas.<\/p>\n\n\n\n<figure class=\"wp-block-image size-large\"><img loading=\"lazy\" decoding=\"async\" width=\"819\" height=\"1024\" src=\"https:\/\/www.noticiasmas.com.ar\/wp-content\/uploads\/2025\/07\/We-did-it-First-victory-of-the-Lexus-RCF-GT3-in-WEC-\ud83e\udd29\ud83d\udcaa\ud83c\udffbWhat-a-race-made-by-all-the-team-1-819x1024.jpg\" alt=\"\" class=\"wp-image-16112\" srcset=\"https:\/\/www.noticiasmas.com.ar\/wp-content\/uploads\/2025\/07\/We-did-it-First-victory-of-the-Lexus-RCF-GT3-in-WEC-\ud83e\udd29\ud83d\udcaa\ud83c\udffbWhat-a-race-made-by-all-the-team-1-819x1024.jpg 819w, https:\/\/www.noticiasmas.com.ar\/wp-content\/uploads\/2025\/07\/We-did-it-First-victory-of-the-Lexus-RCF-GT3-in-WEC-\ud83e\udd29\ud83d\udcaa\ud83c\udffbWhat-a-race-made-by-all-the-team-1-240x300.jpg 240w, https:\/\/www.noticiasmas.com.ar\/wp-content\/uploads\/2025\/07\/We-did-it-First-victory-of-the-Lexus-RCF-GT3-in-WEC-\ud83e\udd29\ud83d\udcaa\ud83c\udffbWhat-a-race-made-by-all-the-team-1-768x960.jpg 768w, https:\/\/www.noticiasmas.com.ar\/wp-content\/uploads\/2025\/07\/We-did-it-First-victory-of-the-Lexus-RCF-GT3-in-WEC-\ud83e\udd29\ud83d\udcaa\ud83c\udffbWhat-a-race-made-by-all-the-team-1-150x188.jpg 150w, https:\/\/www.noticiasmas.com.ar\/wp-content\/uploads\/2025\/07\/We-did-it-First-victory-of-the-Lexus-RCF-GT3-in-WEC-\ud83e\udd29\ud83d\udcaa\ud83c\udffbWhat-a-race-made-by-all-the-team-1-300x375.jpg 300w, https:\/\/www.noticiasmas.com.ar\/wp-content\/uploads\/2025\/07\/We-did-it-First-victory-of-the-Lexus-RCF-GT3-in-WEC-\ud83e\udd29\ud83d\udcaa\ud83c\udffbWhat-a-race-made-by-all-the-team-1-696x870.jpg 696w, https:\/\/www.noticiasmas.com.ar\/wp-content\/uploads\/2025\/07\/We-did-it-First-victory-of-the-Lexus-RCF-GT3-in-WEC-\ud83e\udd29\ud83d\udcaa\ud83c\udffbWhat-a-race-made-by-all-the-team-1-1068x1335.jpg 1068w, https:\/\/www.noticiasmas.com.ar\/wp-content\/uploads\/2025\/07\/We-did-it-First-victory-of-the-Lexus-RCF-GT3-in-WEC-\ud83e\udd29\ud83d\udcaa\ud83c\udffbWhat-a-race-made-by-all-the-team-1.jpg 1080w\" sizes=\"auto, (max-width: 819px) 100vw, 819px\" \/><\/figure>\n\n\n\n<p>\u00a0<\/p>\n\n\n\n<p>As\u00ed, en el Jos\u00e9 Carlos Pace de San Pablo, el auto 87 encontr\u00f3 su mejor rendimiento y lider\u00f3 durante gran parte de la jornada dominguera la competencia de seis horas de duraci\u00f3n, la menor de las extensiones dentro de esta competencia.<\/p>\n\n\n\n<p>La pr\u00f3xima fecha se disputar\u00e1 el 7 de septiembre en el Circuito de las Am\u00e9ricas de Austin, Estados Unidos, en las seis horas de la Lone Star Le Mans.<\/p>\n","protected":false},"excerpt":{"rendered":"<p>El argentino Jos\u00e9 Mar\u00eda Pechito L\u00f3pez fue parte del trinomio ganador de las 6 horas de San Pablo del World Endurance Championship disputado este fin de semana en el aut\u00f3dromo de Interlagos, en Brasil. El Lexus n\u00famero 87 del equipo Akkodis gan\u00f3 la competencia de la categor\u00eda GT3 con el pilotaje del rumano Peter Umbrarescu, [&hellip;]<\/p>\n","protected":false},"author":9,"featured_media":16111,"comment_status":"closed","ping_status":"open","sticky":false,"template":"","format":"standard","meta":{"tdm_status":"","tdm_grid_status":"","footnotes":""},"categories":[10],"tags":[305,2106,4840,4841],"class_list":{"0":"post-16110","1":"post","2":"type-post","3":"status-publish","4":"format-standard","5":"has-post-thumbnail","7":"category-deportes","8":"tag-automovilismo","9":"tag-interlagos","10":"tag-jose-maria-lopez","11":"tag-wec"},"_links":{"self":[{"href":"https:\/\/www.noticiasmas.com.ar\/index.php\/wp-json\/wp\/v2\/posts\/16110","targetHints":{"allow":["GET"]}}],"collection":[{"href":"https:\/\/www.noticiasmas.com.ar\/index.php\/wp-json\/wp\/v2\/posts"}],"about":[{"href":"https:\/\/www.noticiasmas.com.ar\/index.php\/wp-json\/wp\/v2\/types\/post"}],"author":[{"embeddable":true,"href":"https:\/\/www.noticiasmas.com.ar\/index.php\/wp-json\/wp\/v2\/users\/9"}],"replies":[{"embeddable":true,"href":"https:\/\/www.noticiasmas.com.ar\/index.php\/wp-json\/wp\/v2\/comments?post=16110"}],"version-history":[{"count":1,"href":"https:\/\/www.noticiasmas.com.ar\/index.php\/wp-json\/wp\/v2\/posts\/16110\/revisions"}],"predecessor-version":[{"id":16113,"href":"https:\/\/www.noticiasmas.com.ar\/index.php\/wp-json\/wp\/v2\/posts\/16110\/revisions\/16113"}],"wp:featuredmedia":[{"embeddable":true,"href":"https:\/\/www.noticiasmas.com.ar\/index.php\/wp-json\/wp\/v2\/media\/16111"}],"wp:attachment":[{"href":"https:\/\/www.noticiasmas.com.ar\/index.php\/wp-json\/wp\/v2\/media?parent=16110"}],"wp:term":[{"taxonomy":"category","embeddable":true,"href":"https:\/\/www.noticiasmas.com.ar\/index.php\/wp-json\/wp\/v2\/categories?post=16110"},{"taxonomy":"post_tag","embeddable":true,"href":"https:\/\/www.noticiasmas.com.ar\/index.php\/wp-json\/wp\/v2\/tags?post=16110"}],"curies":[{"name":"wp","href":"https:\/\/api.w.org\/{rel}","templated":true}]}}