{"id":16129,"date":"2025-07-14T14:47:27","date_gmt":"2025-07-14T17:47:27","guid":{"rendered":"https:\/\/www.noticiasmas.com.ar\/?p=16129"},"modified":"2025-07-14T14:47:35","modified_gmt":"2025-07-14T17:47:35","slug":"novela-tica-navas-justifico-su-ausencia-frente-a-independiente-rivadavia-pero-no-esta-claro-su-futuro","status":"publish","type":"post","link":"https:\/\/www.noticiasmas.com.ar\/index.php\/2025\/07\/14\/novela-tica-navas-justifico-su-ausencia-frente-a-independiente-rivadavia-pero-no-esta-claro-su-futuro\/","title":{"rendered":"Novela Tica: Navas justific\u00f3 su ausencia frente a Independiente Rivadavia pero no est\u00e1 claro su futuro"},"content":{"rendered":"\n<p>El futuro de Keylor Navas sigue siendo una inc\u00f3gnita en el Parque Independencia, luego de su inesperada ausencia frente a Independiente Rivadavia de Mendoza en el triunfo de Newell\u2019s por 2 a 1, y en medio de rumores sobre una salida del arquero hacia el f\u00fatbol de M\u00e9xico.&nbsp;<\/p>\n\n\n\n<p>El arquero falt\u00f3 al partido por un malestar estomacal, el cual confirm\u00f3 el mismo costarricense a trav\u00e9s de su cuenta de Instagram, dando un mensaje que podr\u00eda interpretarse como una posible continuidad al menos hasta fin de este 2025.&nbsp;<\/p>\n\n\n\n<p>Pero medios de M\u00e9xico dan por hecho que Keylor Navas pasar\u00e1 a Pumas de ese pa\u00eds en la brevedad, para afrontar con el equipo universitario lo que queda del campeonato local y la Leagues Cup de la Concacaf.<\/p>\n\n\n\n<p>La oferta mexicana es tentadora para lo econ\u00f3mico del jugador y tambi\u00e9n para volver hacia centroam\u00e9rica, ya en vistas de volver a tener continuidad en la Selecci\u00f3n de Costa Rica y con la ronda final de las Eliminatorias que se disputar\u00e1n entre septiembre y diciembre.&nbsp;<\/p>\n\n\n\n<p>Por otro lado, se han dilucidado \u201ccuestiones personales\u201d que tentar\u00edan al arquero de 38 a\u00f1os de edad a volver cerca de su Costa Rica natal.&nbsp;<\/p>\n\n\n\n<p>Pero mientras tanto, no hay ninguna certeza, m\u00e1s all\u00e1 de las versiones period\u00edsticas, m\u00e1s que la publicada en la cuenta de Instagram del arquero. Navas, hoy lunes, seguir\u00e1 siendo arquero de Newell\u2019s al menos hasta fin de a\u00f1o.<\/p>\n","protected":false},"excerpt":{"rendered":"<p>El futuro de Keylor Navas sigue siendo una inc\u00f3gnita en el Parque Independencia, luego de su inesperada ausencia frente a Independiente Rivadavia de Mendoza en el triunfo de Newell\u2019s por 2 a 1, y en medio de rumores sobre una salida del arquero hacia el f\u00fatbol de M\u00e9xico.&nbsp; El arquero falt\u00f3 al partido por un [&hellip;]<\/p>\n","protected":false},"author":9,"featured_media":16130,"comment_status":"closed","ping_status":"open","sticky":false,"template":"","format":"standard","meta":{"tdm_status":"","tdm_grid_status":"","footnotes":""},"categories":[10],"tags":[46,3978,132],"class_list":{"0":"post-16129","1":"post","2":"type-post","3":"status-publish","4":"format-standard","5":"has-post-thumbnail","7":"category-deportes","8":"tag-futbol","9":"tag-keylor-navas","10":"tag-newells"},"_links":{"self":[{"href":"https:\/\/www.noticiasmas.com.ar\/index.php\/wp-json\/wp\/v2\/posts\/16129","targetHints":{"allow":["GET"]}}],"collection":[{"href":"https:\/\/www.noticiasmas.com.ar\/index.php\/wp-json\/wp\/v2\/posts"}],"about":[{"href":"https:\/\/www.noticiasmas.com.ar\/index.php\/wp-json\/wp\/v2\/types\/post"}],"author":[{"embeddable":true,"href":"https:\/\/www.noticiasmas.com.ar\/index.php\/wp-json\/wp\/v2\/users\/9"}],"replies":[{"embeddable":true,"href":"https:\/\/www.noticiasmas.com.ar\/index.php\/wp-json\/wp\/v2\/comments?post=16129"}],"version-history":[{"count":1,"href":"https:\/\/www.noticiasmas.com.ar\/index.php\/wp-json\/wp\/v2\/posts\/16129\/revisions"}],"predecessor-version":[{"id":16131,"href":"https:\/\/www.noticiasmas.com.ar\/index.php\/wp-json\/wp\/v2\/posts\/16129\/revisions\/16131"}],"wp:featuredmedia":[{"embeddable":true,"href":"https:\/\/www.noticiasmas.com.ar\/index.php\/wp-json\/wp\/v2\/media\/16130"}],"wp:attachment":[{"href":"https:\/\/www.noticiasmas.com.ar\/index.php\/wp-json\/wp\/v2\/media?parent=16129"}],"wp:term":[{"taxonomy":"category","embeddable":true,"href":"https:\/\/www.noticiasmas.com.ar\/index.php\/wp-json\/wp\/v2\/categories?post=16129"},{"taxonomy":"post_tag","embeddable":true,"href":"https:\/\/www.noticiasmas.com.ar\/index.php\/wp-json\/wp\/v2\/tags?post=16129"}],"curies":[{"name":"wp","href":"https:\/\/api.w.org\/{rel}","templated":true}]}}