{"id":16162,"date":"2025-07-15T21:14:18","date_gmt":"2025-07-16T00:14:18","guid":{"rendered":"https:\/\/www.noticiasmas.com.ar\/?p=16162"},"modified":"2025-07-15T21:14:22","modified_gmt":"2025-07-16T00:14:22","slug":"denuncian-el-mal-estado-de-las-rutas-nacionales-en-santa-fe-con-carteles-de-advertencia","status":"publish","type":"post","link":"https:\/\/www.noticiasmas.com.ar\/index.php\/2025\/07\/15\/denuncian-el-mal-estado-de-las-rutas-nacionales-en-santa-fe-con-carteles-de-advertencia\/","title":{"rendered":"Denuncian el mal estado de las rutas nacionales en Santa Fe con carteles de advertencia"},"content":{"rendered":"\n<p>Por seguridad vial, marcan ingresos a las trazas bajo jurisdicci\u00f3n federal, que hoy est\u00e1n abandonadas y que son riesgosas para transitar. \u201cHemos pedido a Naci\u00f3n, sin respuesta favorable aun, que ceda las rutas que no van a arreglar y que nos haremos cargo, porque muchos santafesinos ponen en riesgos sus vidas al transitarlas\u201d, record\u00f3 el gobernador. En paralelo, se solicita a los conductores que, en caso de tener alternativa de usar una ruta provincial, lo hagan<\/p>\n\n\n\n<p>Dado el estado calamitoso y de abandono, que pone en riesgo la vida de miles de personas a diario, fueron se\u00f1alizados con carteles los accesos a rutas nacionales que atraviesan el territorio santafesino. Con el objetivo de prevenci\u00f3n y seguridad vial, los avisos destacan que la conservaci\u00f3n de esas calzadas corresponde a la Naci\u00f3n, a diferencia de las v\u00edas provinciales, que s\u00ed cuentan con financiamiento local y son mantenidas como es debido.<\/p>\n\n\n\n<p>En ese marco, desde el Estado santafesino se solicita a los conductores que, en caso de contar con la alternativa de usar una ruta provincial, lo hagan, ya que se encuentran en mejores condiciones y son mantenidas regularmente.<\/p>\n\n\n\n<p>El gobernador Maximiliano Pullaro record\u00f3 que la Provincia destin\u00f3 cerca de 400 millones de d\u00f3lares a reparar sus propios corredores: \u201cA\u00fan resta trabajo, pero ya hemos intervenido la gran mayor\u00eda de nuestras rutas, que incluso suman m\u00e1s kil\u00f3metros que los tramos nacionales dentro de Santa\u202fFe\u201d, se\u00f1al\u00f3. Contrapuso ese esfuerzo con \u201cel muy mal estado\u201d de la red federal, que -subray\u00f3- provoca siniestros fatales todas las semanas.<\/p>\n\n\n\n<p>La nueva se\u00f1alizaci\u00f3n persigue dos objetivos. Primero, dejar claro que los santafesinos pueden y deben exigir al Gobierno provincial por el estado de las rutas bajo su \u00f3rbita. Segundo, \u201cque la sociedad sepa que las rutas nacionales dependen del Estado nacional y no de la Provincia\u201d. Pullaro record\u00f3 que la administraci\u00f3n santafesina lleg\u00f3 a aportar 7.000 toneladas de asfalto para bachear tramos nacionales cr\u00edticos y pidi\u00f3 al ministro de Econom\u00eda, Luis\u202fCaputo, \u201cla cesi\u00f3n de esas trazas para encargarse de su mantenimiento\u201d; el pedido sigue sin respuesta.<\/p>\n\n\n\n<p>El gobernador advirti\u00f3 que, tras la ca\u00edda de las licitaciones para las rutas nacionales 33 y 178, la Provincia decidi\u00f3 \u201cse\u00f1alar con claridad la responsabilidad de cada uno\u201d. Afirm\u00f3 que seguir\u00e1 colaborando con la Naci\u00f3n, pero insisti\u00f3 en que, si el Gobierno federal opta por conservar el control de esas v\u00edas y no cederla a la Provincia como se ha solicitado, debe invertir pronto para evitar que \u201cel activo vial se pierda\u201d. Es tan peligroso el estado de la ruta nacional 33 que la semana pasada el ministro de Obras P\u00fablicas Lisandro Enrico recomend\u00f3 evitar esa v\u00eda que pasa por el sur santafesino y usar la Provincial 90, tras las mejoras de repavimentaci\u00f3n.&nbsp;<\/p>\n\n\n\n<p>Pullaro record\u00f3 que por Santa Fe circulan unos 2,2 millones de camiones al a\u00f1o, carga que acelera el deterioro de la infraestructura. \u201cLa Naci\u00f3n se queda con los recursos de las exportaciones y no invierte en las rutas que esos camiones destruyen\u201d, reproch\u00f3.<\/p>\n\n\n\n<p>Por \u00faltimo, ratific\u00f3 la disposici\u00f3n de la Provincia a asumir la administraci\u00f3n integral de las rutas nacionales, tanto las rentables como las deficitarias, a trav\u00e9s de un plan ya remitido a la Legislatura\u201d.<\/p>\n","protected":false},"excerpt":{"rendered":"<p>Por seguridad vial, marcan ingresos a las trazas bajo jurisdicci\u00f3n federal, que hoy est\u00e1n abandonadas y que son riesgosas para transitar. \u201cHemos pedido a Naci\u00f3n, sin respuesta favorable aun, que ceda las rutas que no van a arreglar y que nos haremos cargo, porque muchos santafesinos ponen en riesgos sus vidas al transitarlas\u201d, record\u00f3 el [&hellip;]<\/p>\n","protected":false},"author":3,"featured_media":16163,"comment_status":"closed","ping_status":"open","sticky":false,"template":"","format":"standard","meta":{"tdm_status":"","tdm_grid_status":"","footnotes":""},"categories":[14],"tags":[4849,1387,666,18],"class_list":{"0":"post-16162","1":"post","2":"type-post","3":"status-publish","4":"format-standard","5":"has-post-thumbnail","7":"category-provinciales","8":"tag-abandono","9":"tag-nacion","10":"tag-rutas","11":"tag-santa-fe"},"_links":{"self":[{"href":"https:\/\/www.noticiasmas.com.ar\/index.php\/wp-json\/wp\/v2\/posts\/16162","targetHints":{"allow":["GET"]}}],"collection":[{"href":"https:\/\/www.noticiasmas.com.ar\/index.php\/wp-json\/wp\/v2\/posts"}],"about":[{"href":"https:\/\/www.noticiasmas.com.ar\/index.php\/wp-json\/wp\/v2\/types\/post"}],"author":[{"embeddable":true,"href":"https:\/\/www.noticiasmas.com.ar\/index.php\/wp-json\/wp\/v2\/users\/3"}],"replies":[{"embeddable":true,"href":"https:\/\/www.noticiasmas.com.ar\/index.php\/wp-json\/wp\/v2\/comments?post=16162"}],"version-history":[{"count":1,"href":"https:\/\/www.noticiasmas.com.ar\/index.php\/wp-json\/wp\/v2\/posts\/16162\/revisions"}],"predecessor-version":[{"id":16164,"href":"https:\/\/www.noticiasmas.com.ar\/index.php\/wp-json\/wp\/v2\/posts\/16162\/revisions\/16164"}],"wp:featuredmedia":[{"embeddable":true,"href":"https:\/\/www.noticiasmas.com.ar\/index.php\/wp-json\/wp\/v2\/media\/16163"}],"wp:attachment":[{"href":"https:\/\/www.noticiasmas.com.ar\/index.php\/wp-json\/wp\/v2\/media?parent=16162"}],"wp:term":[{"taxonomy":"category","embeddable":true,"href":"https:\/\/www.noticiasmas.com.ar\/index.php\/wp-json\/wp\/v2\/categories?post=16162"},{"taxonomy":"post_tag","embeddable":true,"href":"https:\/\/www.noticiasmas.com.ar\/index.php\/wp-json\/wp\/v2\/tags?post=16162"}],"curies":[{"name":"wp","href":"https:\/\/api.w.org\/{rel}","templated":true}]}}