{"id":16165,"date":"2025-07-16T09:35:34","date_gmt":"2025-07-16T12:35:34","guid":{"rendered":"https:\/\/www.noticiasmas.com.ar\/?p=16165"},"modified":"2025-07-16T09:35:37","modified_gmt":"2025-07-16T12:35:37","slug":"continua-la-alerta-por-vientos-fuertes-y-se-esperan-unas-48-horas-de-bajas-temperaturas","status":"publish","type":"post","link":"https:\/\/www.noticiasmas.com.ar\/index.php\/2025\/07\/16\/continua-la-alerta-por-vientos-fuertes-y-se-esperan-unas-48-horas-de-bajas-temperaturas\/","title":{"rendered":"Contin\u00faa la alerta por vientos fuertes y se esperan unas 48 horas de bajas temperaturas"},"content":{"rendered":"\n<p>Las lluvias que comenzaron este mi\u00e9rcoles por la madrugada continuar\u00e1n a lo largo de esta jornada y traer\u00e1n clima fr\u00edo por las pr\u00f3ximas 48 horas.&nbsp;<\/p>\n\n\n\n<p>El Servicio Meteorol\u00f3gico Nacional extendi\u00f3 la alerta amarilla por fuertes r\u00e1fagas de vientos, mientras que a lo largo de este 16 de julio habr\u00e1 lluvias y tormentas aisladas en el Cord\u00f3n Industrial.<\/p>\n\n\n\n<p>\u00bfQu\u00e9 indica la alerta amarilla? Que durante la jornada se registrar\u00e1n vientos que traen una peligrosidad moderada por su velocidad e intensidad.<\/p>\n\n\n\n<p>Ma\u00f1ana jueves y el viernes se suscitar\u00e1n bajas temperaturas, con m\u00e1ximas que apenas sobrepasar\u00e1n los 14\u00b0C y m\u00ednimas que rondar\u00e1n entre los 5\u00b0C y los 8\u00b0C.<\/p>\n","protected":false},"excerpt":{"rendered":"<p>Las lluvias que comenzaron este mi\u00e9rcoles por la madrugada continuar\u00e1n a lo largo de esta jornada y traer\u00e1n clima fr\u00edo por las pr\u00f3ximas 48 horas.&nbsp; El Servicio Meteorol\u00f3gico Nacional extendi\u00f3 la alerta amarilla por fuertes r\u00e1fagas de vientos, mientras que a lo largo de este 16 de julio habr\u00e1 lluvias y tormentas aisladas en el [&hellip;]<\/p>\n","protected":false},"author":9,"featured_media":2333,"comment_status":"closed","ping_status":"open","sticky":false,"template":"","format":"standard","meta":{"tdm_status":"","tdm_grid_status":"","footnotes":""},"categories":[13],"tags":[138,58,311,479],"class_list":{"0":"post-16165","1":"post","2":"type-post","3":"status-publish","4":"format-standard","5":"has-post-thumbnail","7":"category-region","8":"tag-clima","9":"tag-san-lorenzo","10":"tag-servicio-meteorologico-nacional","11":"tag-tiempo"},"_links":{"self":[{"href":"https:\/\/www.noticiasmas.com.ar\/index.php\/wp-json\/wp\/v2\/posts\/16165","targetHints":{"allow":["GET"]}}],"collection":[{"href":"https:\/\/www.noticiasmas.com.ar\/index.php\/wp-json\/wp\/v2\/posts"}],"about":[{"href":"https:\/\/www.noticiasmas.com.ar\/index.php\/wp-json\/wp\/v2\/types\/post"}],"author":[{"embeddable":true,"href":"https:\/\/www.noticiasmas.com.ar\/index.php\/wp-json\/wp\/v2\/users\/9"}],"replies":[{"embeddable":true,"href":"https:\/\/www.noticiasmas.com.ar\/index.php\/wp-json\/wp\/v2\/comments?post=16165"}],"version-history":[{"count":1,"href":"https:\/\/www.noticiasmas.com.ar\/index.php\/wp-json\/wp\/v2\/posts\/16165\/revisions"}],"predecessor-version":[{"id":16166,"href":"https:\/\/www.noticiasmas.com.ar\/index.php\/wp-json\/wp\/v2\/posts\/16165\/revisions\/16166"}],"wp:featuredmedia":[{"embeddable":true,"href":"https:\/\/www.noticiasmas.com.ar\/index.php\/wp-json\/wp\/v2\/media\/2333"}],"wp:attachment":[{"href":"https:\/\/www.noticiasmas.com.ar\/index.php\/wp-json\/wp\/v2\/media?parent=16165"}],"wp:term":[{"taxonomy":"category","embeddable":true,"href":"https:\/\/www.noticiasmas.com.ar\/index.php\/wp-json\/wp\/v2\/categories?post=16165"},{"taxonomy":"post_tag","embeddable":true,"href":"https:\/\/www.noticiasmas.com.ar\/index.php\/wp-json\/wp\/v2\/tags?post=16165"}],"curies":[{"name":"wp","href":"https:\/\/api.w.org\/{rel}","templated":true}]}}