{"id":16179,"date":"2025-07-16T11:41:44","date_gmt":"2025-07-16T14:41:44","guid":{"rendered":"https:\/\/www.noticiasmas.com.ar\/?p=16179"},"modified":"2025-07-16T11:41:48","modified_gmt":"2025-07-16T14:41:48","slug":"la-catt-rosario-se-suma-a-la-marcha-federal-de-salud-de-este-jueves-en-buenos-aires","status":"publish","type":"post","link":"https:\/\/www.noticiasmas.com.ar\/index.php\/2025\/07\/16\/la-catt-rosario-se-suma-a-la-marcha-federal-de-salud-de-este-jueves-en-buenos-aires\/","title":{"rendered":"LA CATT ROSARIO SE SUMA A LA MARCHA FEDERAL DE SALUD DE ESTE JUEVES (en Buenos Aires)"},"content":{"rendered":"\n<p>Gremios del Transporte nucleados en la Confederaci\u00f3n Argentina de Trabajadores del Transporte (CATT), marcharan este pr\u00f3ximo jueves en respaldo a la salud p\u00fablica. Partir\u00e1n comitivas gremiales desde Rosario<\/p>\n\n\n\n<p>En ese sentido, tambi\u00e9n participar\u00e1n de la Marcha Federal de Salud diferentes sectores de trabajadores, empleados p\u00fablicos de la salud, trabajadores estatales y tambi\u00e9n se suman las dos CTA.<\/p>\n\n\n\n<p>Desde la CATT Rosario informaron que desde las 16 horas de este jueves se congregan en la esquina de Hip\u00f3lito Hirogoyen y Pte Luis Saenz Pe\u00f1a para marchar al Congreso de la Naci\u00f3n y de all\u00ed partir a la Plaza de Mayo. Habr\u00e1 representantes locales de Dragado y Balizamiento, Conductores Navales (Siconara), UOM, Camioneros alineados a Hugo Moyano, entre otros<\/p>\n\n\n\n<p>GARRAHAN<\/p>\n\n\n\n<p>Desde las 7 de la ma\u00f1ana \u2013 del jueves 17 &#8211; el Garrahan comenzar\u00e1 un paro de 24hs., donde s\u00f3lo mantendr\u00e1n el servicio de guardia y la atenci\u00f3n a los pacientes internados. Asimismo los trabajadores (personal m\u00e9dico y no m\u00e9dico ) se a la movilizaci\u00f3n desde el Congreso de la Naci\u00f3n hasta Plaza de Mayo, a partir de las 16hs.<\/p>\n\n\n\n<p>Ser\u00e1 una jornada en defensa del Garrahan y de la salud p\u00fablica, y \u201cen contra de la motosierra\u201d de la gesti\u00f3n del presidente Javier Milei que representa recortes salariales y presupuestarios.<\/p>\n","protected":false},"excerpt":{"rendered":"<p>Gremios del Transporte nucleados en la Confederaci\u00f3n Argentina de Trabajadores del Transporte (CATT), marcharan este pr\u00f3ximo jueves en respaldo a la salud p\u00fablica. Partir\u00e1n comitivas gremiales desde Rosario En ese sentido, tambi\u00e9n participar\u00e1n de la Marcha Federal de Salud diferentes sectores de trabajadores, empleados p\u00fablicos de la salud, trabajadores estatales y tambi\u00e9n se suman las [&hellip;]<\/p>\n","protected":false},"author":5,"featured_media":16180,"comment_status":"closed","ping_status":"open","sticky":false,"template":"","format":"standard","meta":{"tdm_status":"","tdm_grid_status":"","footnotes":""},"categories":[1],"tags":[324,2214,4594,4851,53],"class_list":{"0":"post-16179","1":"post","2":"type-post","3":"status-publish","4":"format-standard","5":"has-post-thumbnail","7":"category-nacionales","8":"tag-argentina","9":"tag-catt","10":"tag-hospital-garrahan","11":"tag-marcha-federal","12":"tag-salud"},"_links":{"self":[{"href":"https:\/\/www.noticiasmas.com.ar\/index.php\/wp-json\/wp\/v2\/posts\/16179","targetHints":{"allow":["GET"]}}],"collection":[{"href":"https:\/\/www.noticiasmas.com.ar\/index.php\/wp-json\/wp\/v2\/posts"}],"about":[{"href":"https:\/\/www.noticiasmas.com.ar\/index.php\/wp-json\/wp\/v2\/types\/post"}],"author":[{"embeddable":true,"href":"https:\/\/www.noticiasmas.com.ar\/index.php\/wp-json\/wp\/v2\/users\/5"}],"replies":[{"embeddable":true,"href":"https:\/\/www.noticiasmas.com.ar\/index.php\/wp-json\/wp\/v2\/comments?post=16179"}],"version-history":[{"count":1,"href":"https:\/\/www.noticiasmas.com.ar\/index.php\/wp-json\/wp\/v2\/posts\/16179\/revisions"}],"predecessor-version":[{"id":16181,"href":"https:\/\/www.noticiasmas.com.ar\/index.php\/wp-json\/wp\/v2\/posts\/16179\/revisions\/16181"}],"wp:featuredmedia":[{"embeddable":true,"href":"https:\/\/www.noticiasmas.com.ar\/index.php\/wp-json\/wp\/v2\/media\/16180"}],"wp:attachment":[{"href":"https:\/\/www.noticiasmas.com.ar\/index.php\/wp-json\/wp\/v2\/media?parent=16179"}],"wp:term":[{"taxonomy":"category","embeddable":true,"href":"https:\/\/www.noticiasmas.com.ar\/index.php\/wp-json\/wp\/v2\/categories?post=16179"},{"taxonomy":"post_tag","embeddable":true,"href":"https:\/\/www.noticiasmas.com.ar\/index.php\/wp-json\/wp\/v2\/tags?post=16179"}],"curies":[{"name":"wp","href":"https:\/\/api.w.org\/{rel}","templated":true}]}}