{"id":16190,"date":"2025-07-16T18:18:18","date_gmt":"2025-07-16T21:18:18","guid":{"rendered":"https:\/\/www.noticiasmas.com.ar\/?p=16190"},"modified":"2025-07-16T18:18:22","modified_gmt":"2025-07-16T21:18:22","slug":"centros-comerciales-a-cielo-abierto-renovacion-urbana-para-potenciar-el-comercio-local","status":"publish","type":"post","link":"https:\/\/www.noticiasmas.com.ar\/index.php\/2025\/07\/16\/centros-comerciales-a-cielo-abierto-renovacion-urbana-para-potenciar-el-comercio-local\/","title":{"rendered":"Centros Comerciales a Cielo Abierto: renovaci\u00f3n urbana para potenciar el comercio local"},"content":{"rendered":"\n<p>La Municipalidad de Puerto General San Mart\u00edn avanza con un ambicioso proyecto de revitalizaci\u00f3n del casco c\u00e9ntrico, que apunta a embellecer el espacio urbano y potenciar la actividad comercial local.<\/p>\n\n\n\n<p>Actualmente, los trabajos se concentran en dos frentes clave: Av. San Mart\u00edn, desde calle C\u00f3rdoba hasta Mendoza, y calle C\u00f3rdoba, desde las v\u00edas del ferrocarril hasta Belgrano.<\/p>\n\n\n\n<p>Las obras incluyen la construcci\u00f3n de nuevos cordones y d\u00e1rsenas para el estacionamiento de veh\u00edculos, demarcaci\u00f3n de espacios para motos, y rampas de accesibilidad en bocacalles y entradas a cocheras particulares.<\/p>\n\n\n\n<p>Tambi\u00e9n se realiza la renovaci\u00f3n completa de veredas, con embaldosado gran\u00edtico bicolor y nivelaci\u00f3n de superficies, la colocaci\u00f3n de bolardos lum\u00ednicos en las esquinas, y la renovaci\u00f3n y reubicaci\u00f3n del arbolado p\u00fablico.<\/p>\n\n\n\n<p>Se ampl\u00eda adem\u00e1s la capacidad lum\u00ednica con nuevas farolas y l\u00e1mparas LED, y se incorporan elementos de mobiliario urbano como bancos, bicicleteros, puertos USB, cestos para residuos y paradas de colectivo.<\/p>\n\n\n\n<figure class=\"wp-block-image size-large\"><img loading=\"lazy\" decoding=\"async\" width=\"1024\" height=\"682\" src=\"https:\/\/www.noticiasmas.com.ar\/wp-content\/uploads\/2025\/07\/Paseo-Cielo-abierto-puerto-1024x682.jpg\" alt=\"\" class=\"wp-image-16191\" srcset=\"https:\/\/www.noticiasmas.com.ar\/wp-content\/uploads\/2025\/07\/Paseo-Cielo-abierto-puerto-1024x682.jpg 1024w, https:\/\/www.noticiasmas.com.ar\/wp-content\/uploads\/2025\/07\/Paseo-Cielo-abierto-puerto-300x200.jpg 300w, https:\/\/www.noticiasmas.com.ar\/wp-content\/uploads\/2025\/07\/Paseo-Cielo-abierto-puerto-768x511.jpg 768w, https:\/\/www.noticiasmas.com.ar\/wp-content\/uploads\/2025\/07\/Paseo-Cielo-abierto-puerto-150x100.jpg 150w, https:\/\/www.noticiasmas.com.ar\/wp-content\/uploads\/2025\/07\/Paseo-Cielo-abierto-puerto-696x463.jpg 696w, https:\/\/www.noticiasmas.com.ar\/wp-content\/uploads\/2025\/07\/Paseo-Cielo-abierto-puerto-1068x711.jpg 1068w, https:\/\/www.noticiasmas.com.ar\/wp-content\/uploads\/2025\/07\/Paseo-Cielo-abierto-puerto.jpg 1200w\" sizes=\"auto, (max-width: 1024px) 100vw, 1024px\" \/><\/figure>\n\n\n\n<p>Un aspecto fundamental del proyecto es la intervenci\u00f3n subterr\u00e1nea, con nueva red de agua potable, desag\u00fces pluviales domiciliarios, conexi\u00f3n a red cloacal y cableado subterr\u00e1neo para las nuevas luminarias.<\/p>\n\n\n\n<p>En diciembre de 2024 se inauguraron dos tramos significativos: calle C\u00f3rdoba entre 9 de Julio y las v\u00edas del ferrocarril, con un emotivo acto que incluy\u00f3 el descubrimiento del Busto de la Madre restaurado en la renovada Plaza Sargento Cabral, y la puesta en valor del frente del Club Paran\u00e1; y Av. San Mart\u00edn entre Nerbutti y C\u00f3rdoba.<\/p>\n","protected":false},"excerpt":{"rendered":"<p>La Municipalidad de Puerto General San Mart\u00edn avanza con un ambicioso proyecto de revitalizaci\u00f3n del casco c\u00e9ntrico, que apunta a embellecer el espacio urbano y potenciar la actividad comercial local. Actualmente, los trabajos se concentran en dos frentes clave: Av. San Mart\u00edn, desde calle C\u00f3rdoba hasta Mendoza, y calle C\u00f3rdoba, desde las v\u00edas del ferrocarril [&hellip;]<\/p>\n","protected":false},"author":5,"featured_media":16192,"comment_status":"closed","ping_status":"open","sticky":false,"template":"","format":"standard","meta":{"tdm_status":"","tdm_grid_status":"","footnotes":""},"categories":[13],"tags":[4854,889,52,3807],"class_list":{"0":"post-16190","1":"post","2":"type-post","3":"status-publish","4":"format-standard","5":"has-post-thumbnail","7":"category-region","8":"tag-casco-centrico","9":"tag-centro-comercial-a-cielo-abierto","10":"tag-puerto-san-martin","11":"tag-renovacion"},"_links":{"self":[{"href":"https:\/\/www.noticiasmas.com.ar\/index.php\/wp-json\/wp\/v2\/posts\/16190","targetHints":{"allow":["GET"]}}],"collection":[{"href":"https:\/\/www.noticiasmas.com.ar\/index.php\/wp-json\/wp\/v2\/posts"}],"about":[{"href":"https:\/\/www.noticiasmas.com.ar\/index.php\/wp-json\/wp\/v2\/types\/post"}],"author":[{"embeddable":true,"href":"https:\/\/www.noticiasmas.com.ar\/index.php\/wp-json\/wp\/v2\/users\/5"}],"replies":[{"embeddable":true,"href":"https:\/\/www.noticiasmas.com.ar\/index.php\/wp-json\/wp\/v2\/comments?post=16190"}],"version-history":[{"count":1,"href":"https:\/\/www.noticiasmas.com.ar\/index.php\/wp-json\/wp\/v2\/posts\/16190\/revisions"}],"predecessor-version":[{"id":16193,"href":"https:\/\/www.noticiasmas.com.ar\/index.php\/wp-json\/wp\/v2\/posts\/16190\/revisions\/16193"}],"wp:featuredmedia":[{"embeddable":true,"href":"https:\/\/www.noticiasmas.com.ar\/index.php\/wp-json\/wp\/v2\/media\/16192"}],"wp:attachment":[{"href":"https:\/\/www.noticiasmas.com.ar\/index.php\/wp-json\/wp\/v2\/media?parent=16190"}],"wp:term":[{"taxonomy":"category","embeddable":true,"href":"https:\/\/www.noticiasmas.com.ar\/index.php\/wp-json\/wp\/v2\/categories?post=16190"},{"taxonomy":"post_tag","embeddable":true,"href":"https:\/\/www.noticiasmas.com.ar\/index.php\/wp-json\/wp\/v2\/tags?post=16190"}],"curies":[{"name":"wp","href":"https:\/\/api.w.org\/{rel}","templated":true}]}}