{"id":16200,"date":"2025-07-16T18:40:07","date_gmt":"2025-07-16T21:40:07","guid":{"rendered":"https:\/\/www.noticiasmas.com.ar\/?p=16200"},"modified":"2025-07-16T18:40:10","modified_gmt":"2025-07-16T21:40:10","slug":"amsafe-exige-la-proteccion-de-los-derechos-previsionales-en-la-reforma-constitucional-de-santa-fe","status":"publish","type":"post","link":"https:\/\/www.noticiasmas.com.ar\/index.php\/2025\/07\/16\/amsafe-exige-la-proteccion-de-los-derechos-previsionales-en-la-reforma-constitucional-de-santa-fe\/","title":{"rendered":"AMSAFE EXIGE LA PROTECCI\u00d3N DE LOS DERECHOS PREVISIONALES EN LA REFORMA CONSTITUCIONAL DE SANTA FE"},"content":{"rendered":"\n<p>En el actual proceso de reforma de la Constituci\u00f3n de la Provincia de Santa Fe, desde AMSAFE ratificamos nuestro compromiso con la defensa de los derechos laborales y previsionales de las trabajadoras y trabajadores de la educaci\u00f3n, tanto activos como jubilados. Presentamos una serie de puntos y propuestas que buscan garantizar la protecci\u00f3n y mejora de las condiciones salariales y previsionales en la provincia.<\/p>\n\n\n\n<p>Desde AMSAFE planteamos que los salarios de las\/os trabajadores\/as jubilados\/as deben ser, como m\u00ednimo, el 82% de los salarios de los activos. Asimismo, exigimos que los salarios de las jubilaciones no sean reducidos por leyes especiales, tales como las de emergencia (aportes solidarios) o las cargas impositivas, como el impuesto a las ganancias.<\/p>\n\n\n\n<p>Adem\u00e1s, consideramos imprescindible que cualquiee modificaci\u00f3n de las condiciones de trabajo y previsionales sea a trav\u00e9s de las paritarias, garantizando que cualquier cambio que afecte a los trabajadores y jubilados pase por una mesa de negociaci\u00f3n adecuada, donde se garantice la representaci\u00f3n de los sectores involucrados.<\/p>\n\n\n\n<p>Adem\u00e1s, consideramos que el regimen jubilatorio de la provincia sean solidario, de reparto y gestionado por el Estado, espec\u00edficamente a trav\u00e9s de la Caja de Jubilaciones y Pensiones de la Provincia de Santa Fe. Esta gesti\u00f3n no deber\u00e1 ser transferible a otras jurisdicciones nacionales ni a entidades privadas, con el objetivo de asegurar la sostenibilidad y equidad del sistema previsional.<\/p>\n\n\n\n<p>Desde AMSAFE reafirmamos nuestro compromiso con los derechos de las y los trabajadores y con la defensa de la educaci\u00f3n p\u00fablica, se\u00f1alando que la lucha por los derechos previsionales es una lucha por el futuro de la educaci\u00f3n en la provincia.<\/p>\n","protected":false},"excerpt":{"rendered":"<p>En el actual proceso de reforma de la Constituci\u00f3n de la Provincia de Santa Fe, desde AMSAFE ratificamos nuestro compromiso con la defensa de los derechos laborales y previsionales de las trabajadoras y trabajadores de la educaci\u00f3n, tanto activos como jubilados. Presentamos una serie de puntos y propuestas que buscan garantizar la protecci\u00f3n y mejora [&hellip;]<\/p>\n","protected":false},"author":5,"featured_media":15636,"comment_status":"closed","ping_status":"open","sticky":false,"template":"","format":"standard","meta":{"tdm_status":"","tdm_grid_status":"","footnotes":""},"categories":[14],"tags":[800,2988,4858,4859,18],"class_list":{"0":"post-16200","1":"post","2":"type-post","3":"status-publish","4":"format-standard","5":"has-post-thumbnail","7":"category-provinciales","8":"tag-amsafe","9":"tag-convencion-constituyente","10":"tag-derechos-previsionales","11":"tag-proteccion","12":"tag-santa-fe"},"_links":{"self":[{"href":"https:\/\/www.noticiasmas.com.ar\/index.php\/wp-json\/wp\/v2\/posts\/16200","targetHints":{"allow":["GET"]}}],"collection":[{"href":"https:\/\/www.noticiasmas.com.ar\/index.php\/wp-json\/wp\/v2\/posts"}],"about":[{"href":"https:\/\/www.noticiasmas.com.ar\/index.php\/wp-json\/wp\/v2\/types\/post"}],"author":[{"embeddable":true,"href":"https:\/\/www.noticiasmas.com.ar\/index.php\/wp-json\/wp\/v2\/users\/5"}],"replies":[{"embeddable":true,"href":"https:\/\/www.noticiasmas.com.ar\/index.php\/wp-json\/wp\/v2\/comments?post=16200"}],"version-history":[{"count":1,"href":"https:\/\/www.noticiasmas.com.ar\/index.php\/wp-json\/wp\/v2\/posts\/16200\/revisions"}],"predecessor-version":[{"id":16201,"href":"https:\/\/www.noticiasmas.com.ar\/index.php\/wp-json\/wp\/v2\/posts\/16200\/revisions\/16201"}],"wp:featuredmedia":[{"embeddable":true,"href":"https:\/\/www.noticiasmas.com.ar\/index.php\/wp-json\/wp\/v2\/media\/15636"}],"wp:attachment":[{"href":"https:\/\/www.noticiasmas.com.ar\/index.php\/wp-json\/wp\/v2\/media?parent=16200"}],"wp:term":[{"taxonomy":"category","embeddable":true,"href":"https:\/\/www.noticiasmas.com.ar\/index.php\/wp-json\/wp\/v2\/categories?post=16200"},{"taxonomy":"post_tag","embeddable":true,"href":"https:\/\/www.noticiasmas.com.ar\/index.php\/wp-json\/wp\/v2\/tags?post=16200"}],"curies":[{"name":"wp","href":"https:\/\/api.w.org\/{rel}","templated":true}]}}