{"id":16226,"date":"2025-07-17T22:03:43","date_gmt":"2025-07-18T01:03:43","guid":{"rendered":"https:\/\/www.noticiasmas.com.ar\/?p=16226"},"modified":"2025-07-17T22:04:26","modified_gmt":"2025-07-18T01:04:26","slug":"convencion-constituyente-rasetto-vamos-a-trabajar-para-que-esta-reforma-incluya-lo-que-la-gente-viene-pidiendo-hace-anos","status":"publish","type":"post","link":"https:\/\/www.noticiasmas.com.ar\/index.php\/2025\/07\/17\/convencion-constituyente-rasetto-vamos-a-trabajar-para-que-esta-reforma-incluya-lo-que-la-gente-viene-pidiendo-hace-anos\/","title":{"rendered":"Convenci\u00f3n Constituyente: Rasetto, &#8220;Vamos a trabajar para que esta reforma incluya lo que la gente viene pidiendo hace a\u00f1os&#8221;"},"content":{"rendered":"\n<p>Con el inicio de las primeras jornadas de trabajo, la Convenci\u00f3n Reformadora de la Constituci\u00f3n de Santa Fe comenz\u00f3 a transitar un proceso hist\u00f3rico. En los pr\u00f3ximos 60 d\u00edas se buscar\u00e1 actualizar una Constituci\u00f3n que tiene m\u00e1s de seis d\u00e9cadas, con el objetivo de adaptarla a las necesidades del presente y del futuro.<\/p>\n\n\n\n<p>\u201cEmpezamos a trabajar ya pensando en las cosas concretas que deben estar en la nueva Constituci\u00f3n. Son temas que la gente viene pidiendo hace a\u00f1os y que son fundamentales para modernizar el Estado y ampliar derechos\u201d, expres\u00f3 el senador Hugo Jes\u00fas Rasetto, convencional constituyente por el departamento Iriondo.<\/p>\n\n\n\n<p>Entre los puntos que considera imprescindibles, Rasetto mencion\u00f3 la incorporaci\u00f3n de derechos modernos como la protecci\u00f3n del medioambiente, que hoy no figuran en la Constituci\u00f3n vigente. Tambi\u00e9n destac\u00f3 la necesidad de incluir el principio de ficha limpia como condici\u00f3n para ser candidato: \u201cEs un reclamo muy vigente, y Santa Fe puede convertirse en la primera provincia del pa\u00eds en incorporarlo\u201d.<\/p>\n\n\n\n<p>Otro de los ejes que el senador considera clave es la autonom\u00eda municipal. \u201cEs un pedido constante de ciudades como Ca\u00f1ada de G\u00f3mez y Totoras, y de cada uno de los pueblos del departamento. Queremos municipios m\u00e1s eficientes, con m\u00e1s herramientas para resolver los problemas cotidianos de la gente\u201d, afirm\u00f3.<\/p>\n\n\n\n<p>Finalmente, sostuvo la importancia de avanzar hacia la unificaci\u00f3n de los mandatos en comunas, llev\u00e1ndolos a cuatro a\u00f1os como ya ocurre en los municipios: \u201cEl sistema actual, con elecciones cada dos a\u00f1os, genera desgaste y dificultades para gobernar con continuidad\u201d.<\/p>\n\n\n\n<p>\u201cMe siento orgulloso y agradecido de representar a los ciudadanos del departamento Iriondo en esta instancia tan significativa. Tenemos la oportunidad de construir una Constituci\u00f3n a la altura de nuestra gente y del tiempo que vivimos\u201d, concluy\u00f3 Rasetto.<\/p>\n\n\n\n<p><\/p>\n","protected":false},"excerpt":{"rendered":"<p>Con el inicio de las primeras jornadas de trabajo, la Convenci\u00f3n Reformadora de la Constituci\u00f3n de Santa Fe comenz\u00f3 a transitar un proceso hist\u00f3rico. En los pr\u00f3ximos 60 d\u00edas se buscar\u00e1 actualizar una Constituci\u00f3n que tiene m\u00e1s de seis d\u00e9cadas, con el objetivo de adaptarla a las necesidades del presente y del futuro. \u201cEmpezamos a [&hellip;]<\/p>\n","protected":false},"author":5,"featured_media":16227,"comment_status":"closed","ping_status":"open","sticky":false,"template":"","format":"standard","meta":{"tdm_status":"","tdm_grid_status":"","footnotes":""},"categories":[14],"tags":[2988,1591,4869],"class_list":{"0":"post-16226","1":"post","2":"type-post","3":"status-publish","4":"format-standard","5":"has-post-thumbnail","7":"category-provinciales","8":"tag-convencion-constituyente","9":"tag-hugo-rasetto","10":"tag-pedidos-de-la-gente"},"_links":{"self":[{"href":"https:\/\/www.noticiasmas.com.ar\/index.php\/wp-json\/wp\/v2\/posts\/16226","targetHints":{"allow":["GET"]}}],"collection":[{"href":"https:\/\/www.noticiasmas.com.ar\/index.php\/wp-json\/wp\/v2\/posts"}],"about":[{"href":"https:\/\/www.noticiasmas.com.ar\/index.php\/wp-json\/wp\/v2\/types\/post"}],"author":[{"embeddable":true,"href":"https:\/\/www.noticiasmas.com.ar\/index.php\/wp-json\/wp\/v2\/users\/5"}],"replies":[{"embeddable":true,"href":"https:\/\/www.noticiasmas.com.ar\/index.php\/wp-json\/wp\/v2\/comments?post=16226"}],"version-history":[{"count":2,"href":"https:\/\/www.noticiasmas.com.ar\/index.php\/wp-json\/wp\/v2\/posts\/16226\/revisions"}],"predecessor-version":[{"id":16229,"href":"https:\/\/www.noticiasmas.com.ar\/index.php\/wp-json\/wp\/v2\/posts\/16226\/revisions\/16229"}],"wp:featuredmedia":[{"embeddable":true,"href":"https:\/\/www.noticiasmas.com.ar\/index.php\/wp-json\/wp\/v2\/media\/16227"}],"wp:attachment":[{"href":"https:\/\/www.noticiasmas.com.ar\/index.php\/wp-json\/wp\/v2\/media?parent=16226"}],"wp:term":[{"taxonomy":"category","embeddable":true,"href":"https:\/\/www.noticiasmas.com.ar\/index.php\/wp-json\/wp\/v2\/categories?post=16226"},{"taxonomy":"post_tag","embeddable":true,"href":"https:\/\/www.noticiasmas.com.ar\/index.php\/wp-json\/wp\/v2\/tags?post=16226"}],"curies":[{"name":"wp","href":"https:\/\/api.w.org\/{rel}","templated":true}]}}