{"id":16242,"date":"2025-07-18T12:29:38","date_gmt":"2025-07-18T15:29:38","guid":{"rendered":"https:\/\/www.noticiasmas.com.ar\/?p=16242"},"modified":"2025-07-18T12:29:41","modified_gmt":"2025-07-18T15:29:41","slug":"aca-construira-un-parque-solar-en-timbues-para-abastecer-al-gran-rosario","status":"publish","type":"post","link":"https:\/\/www.noticiasmas.com.ar\/index.php\/2025\/07\/18\/aca-construira-un-parque-solar-en-timbues-para-abastecer-al-gran-rosario\/","title":{"rendered":"ACA construir\u00e1 un parque solar en Timb\u00faes para abastecer al Gran Rosario\u00a0"},"content":{"rendered":"\n<p>La Asociaci\u00f3n de Cooperativas Argentina present\u00f3 una inversi\u00f3n para construir un parque solar en sus instalaciones de la localidad de Timb\u00faes.&nbsp;<\/p>\n\n\n\n<p><em>Con una capacidad instalada de 396 kilovatios, el sistema estar\u00e1 compuesto por 720 paneles solares que servir\u00e1n de abastecimiento a una importante parte del frente productivo del Cord\u00f3n Industrial.&nbsp;<\/em><\/p>\n\n\n\n<p>Se trata del primer desarrollo de energ\u00eda solar en un puerto del cord\u00f3n industrial, por lo que tendr\u00e1 as\u00ed un importante desarrollo en el entramado productivo regional\u00a0<\/p>\n\n\n\n<p>La obra est\u00e1 a cargo de la empresa Cipsa Solar y tiene como objetivo \u201cdisminuir la huella de carbono e inyectar energ\u00eda limpia al sistema provincial\u201d, explic\u00f3 Carlos Polidori, referente ambiental de la planta.\u00a0<\/p>\n\n\n\n<p>La iniciativa busca posicionar a ACA como referente en pr\u00e1cticas productivas sustentables dentro del sector agroindustrial.<\/p>\n\n\n\n<p>El puerto de ACA, inaugurado en 2022, puede almacenar 200 mil toneladas y embarcar hasta 3.200 toneladas por hora. Cuenta con una playa de camiones para 1.000 veh\u00edculos y 5.000 metros de cintas transportadoras, lo que lo convierte en una de las terminales m\u00e1s modernas del pa\u00eds.<\/p>\n","protected":false},"excerpt":{"rendered":"<p>La Asociaci\u00f3n de Cooperativas Argentina present\u00f3 una inversi\u00f3n para construir un parque solar en sus instalaciones de la localidad de Timb\u00faes.&nbsp; Con una capacidad instalada de 396 kilovatios, el sistema estar\u00e1 compuesto por 720 paneles solares que servir\u00e1n de abastecimiento a una importante parte del frente productivo del Cord\u00f3n Industrial.&nbsp; Se trata del primer desarrollo [&hellip;]<\/p>\n","protected":false},"author":9,"featured_media":16243,"comment_status":"closed","ping_status":"open","sticky":false,"template":"","format":"standard","meta":{"tdm_status":"","tdm_grid_status":"","footnotes":""},"categories":[13],"tags":[1462,1657,4871,197],"class_list":{"0":"post-16242","1":"post","2":"type-post","3":"status-publish","4":"format-standard","5":"has-post-thumbnail","7":"category-region","8":"tag-aca","9":"tag-inversiones","10":"tag-parque-solar","11":"tag-timbues"},"_links":{"self":[{"href":"https:\/\/www.noticiasmas.com.ar\/index.php\/wp-json\/wp\/v2\/posts\/16242","targetHints":{"allow":["GET"]}}],"collection":[{"href":"https:\/\/www.noticiasmas.com.ar\/index.php\/wp-json\/wp\/v2\/posts"}],"about":[{"href":"https:\/\/www.noticiasmas.com.ar\/index.php\/wp-json\/wp\/v2\/types\/post"}],"author":[{"embeddable":true,"href":"https:\/\/www.noticiasmas.com.ar\/index.php\/wp-json\/wp\/v2\/users\/9"}],"replies":[{"embeddable":true,"href":"https:\/\/www.noticiasmas.com.ar\/index.php\/wp-json\/wp\/v2\/comments?post=16242"}],"version-history":[{"count":1,"href":"https:\/\/www.noticiasmas.com.ar\/index.php\/wp-json\/wp\/v2\/posts\/16242\/revisions"}],"predecessor-version":[{"id":16244,"href":"https:\/\/www.noticiasmas.com.ar\/index.php\/wp-json\/wp\/v2\/posts\/16242\/revisions\/16244"}],"wp:featuredmedia":[{"embeddable":true,"href":"https:\/\/www.noticiasmas.com.ar\/index.php\/wp-json\/wp\/v2\/media\/16243"}],"wp:attachment":[{"href":"https:\/\/www.noticiasmas.com.ar\/index.php\/wp-json\/wp\/v2\/media?parent=16242"}],"wp:term":[{"taxonomy":"category","embeddable":true,"href":"https:\/\/www.noticiasmas.com.ar\/index.php\/wp-json\/wp\/v2\/categories?post=16242"},{"taxonomy":"post_tag","embeddable":true,"href":"https:\/\/www.noticiasmas.com.ar\/index.php\/wp-json\/wp\/v2\/tags?post=16242"}],"curies":[{"name":"wp","href":"https:\/\/api.w.org\/{rel}","templated":true}]}}