{"id":16252,"date":"2025-07-18T18:12:28","date_gmt":"2025-07-18T21:12:28","guid":{"rendered":"https:\/\/www.noticiasmas.com.ar\/?p=16252"},"modified":"2025-07-18T18:12:32","modified_gmt":"2025-07-18T21:12:32","slug":"la-paritaria-nacional-docente-sigue-vigente-a-pesar-del-intento-de-eliminarla-por-parte-del-gobierno-nacional","status":"publish","type":"post","link":"https:\/\/www.noticiasmas.com.ar\/index.php\/2025\/07\/18\/la-paritaria-nacional-docente-sigue-vigente-a-pesar-del-intento-de-eliminarla-por-parte-del-gobierno-nacional\/","title":{"rendered":"LA PARITARIA NACIONAL DOCENTE SIGUE VIGENTE A PESAR DEL INTENTO DE ELIMINARLA POR PARTE DEL GOBIERNO NACIONAL"},"content":{"rendered":"\n<p>La CTERA impugn\u00f3 y obtuvo en sede judicial la suspensi\u00f3n del Decreto 341\/2024 del Gobierno de Milei que vulnera el Derecho a la Negociaci\u00f3n Colectiva de los Trabajadores de la Educaci\u00f3n al pretender retirarse el Estado Nacional como parte de la negociaci\u00f3n.<\/p>\n\n\n\n<p>La CTERA representada por su Sec. Gral. Cra. Sonia Alesso, impugn\u00f3 y obtuvo en el d\u00eda de la fecha en sede judicial una medida cautelar en el marco de la causa que lleva el nro. 19.707\/24 radicada ante la Justicia Nacional del Trabajo.<\/p>\n\n\n\n<p><br>Por la decisi\u00f3n judicial emitida por la Sala IV de la C\u00e1mara Nacional de Apelaciones del Trabajo se suspendi\u00f3 la aplicaci\u00f3n del Decreto 341\/25 dictado por el presidente Milei,\u00a0 por el cual el Estado Nacional de manera unilateral y arbitraria dispuso retirarse como parte en la Paritaria Nacional Docente.<\/p>\n\n\n\n<p><br>La sentencia conlleva la obligaci\u00f3n por parte del Gobierno Nacional de convocar a la Paritaria Nacional Docente, proceder que hasta el momento se ha negado no obstante los reclamos en tal sentido formulado por CTERA en el marco de la situaci\u00f3n salarial que es literalmente agobiante por la devastaci\u00f3n del poder adquisitivo de los sueldos.<\/p>\n\n\n\n<p><br>El accionar del Gobierno Nacional se\u00f1alado al pretender dinamitar la Paritaria Nacional Docente, se inscribe en la ofensiva enderezada a intentar la destrucci\u00f3n de la educaci\u00f3n \u2013que no conseguir\u00e1n- provocada por el no pago a los docentes de todo el pa\u00eds de la asignaci\u00f3n remunerativa del Fondo Nacional de Incentivo (FONID) a cargo de La Naci\u00f3n, la eliminaci\u00f3n de la conectividad para maestras y maestros la supresi\u00f3n de diversos programas sociales para docentes y nuestras infancias y el no giro de partidas para comedores escolares, entre otras medidas de evidente desprecio hacia las y los docentes de nuestro pa\u00eds y ni\u00f1as, ni\u00f1os y adolescentes que deben concurrir a la escuela.<\/p>\n\n\n\n<p>\u00a0\u00a0\u00a0\u00a0<br>&#8220;La democracia, la libertad sindical, la dignidad y los derechos de las y los trabajadores de la educaci\u00f3n jam\u00e1s ser\u00e1n vulneradas&#8221;, sostuvieron.<\/p>\n","protected":false},"excerpt":{"rendered":"<p>La CTERA impugn\u00f3 y obtuvo en sede judicial la suspensi\u00f3n del Decreto 341\/2024 del Gobierno de Milei que vulnera el Derecho a la Negociaci\u00f3n Colectiva de los Trabajadores de la Educaci\u00f3n al pretender retirarse el Estado Nacional como parte de la negociaci\u00f3n. La CTERA representada por su Sec. Gral. Cra. Sonia Alesso, impugn\u00f3 y obtuvo [&hellip;]<\/p>\n","protected":false},"author":5,"featured_media":8791,"comment_status":"closed","ping_status":"open","sticky":false,"template":"","format":"standard","meta":{"tdm_status":"","tdm_grid_status":"","footnotes":""},"categories":[1],"tags":[324,1567,4874,798,4875],"class_list":{"0":"post-16252","1":"post","2":"type-post","3":"status-publish","4":"format-standard","5":"has-post-thumbnail","7":"category-nacionales","8":"tag-argentina","9":"tag-ctera","10":"tag-decreto-321-2024","11":"tag-docentes","12":"tag-impugnacion"},"_links":{"self":[{"href":"https:\/\/www.noticiasmas.com.ar\/index.php\/wp-json\/wp\/v2\/posts\/16252","targetHints":{"allow":["GET"]}}],"collection":[{"href":"https:\/\/www.noticiasmas.com.ar\/index.php\/wp-json\/wp\/v2\/posts"}],"about":[{"href":"https:\/\/www.noticiasmas.com.ar\/index.php\/wp-json\/wp\/v2\/types\/post"}],"author":[{"embeddable":true,"href":"https:\/\/www.noticiasmas.com.ar\/index.php\/wp-json\/wp\/v2\/users\/5"}],"replies":[{"embeddable":true,"href":"https:\/\/www.noticiasmas.com.ar\/index.php\/wp-json\/wp\/v2\/comments?post=16252"}],"version-history":[{"count":1,"href":"https:\/\/www.noticiasmas.com.ar\/index.php\/wp-json\/wp\/v2\/posts\/16252\/revisions"}],"predecessor-version":[{"id":16254,"href":"https:\/\/www.noticiasmas.com.ar\/index.php\/wp-json\/wp\/v2\/posts\/16252\/revisions\/16254"}],"wp:featuredmedia":[{"embeddable":true,"href":"https:\/\/www.noticiasmas.com.ar\/index.php\/wp-json\/wp\/v2\/media\/8791"}],"wp:attachment":[{"href":"https:\/\/www.noticiasmas.com.ar\/index.php\/wp-json\/wp\/v2\/media?parent=16252"}],"wp:term":[{"taxonomy":"category","embeddable":true,"href":"https:\/\/www.noticiasmas.com.ar\/index.php\/wp-json\/wp\/v2\/categories?post=16252"},{"taxonomy":"post_tag","embeddable":true,"href":"https:\/\/www.noticiasmas.com.ar\/index.php\/wp-json\/wp\/v2\/tags?post=16252"}],"curies":[{"name":"wp","href":"https:\/\/api.w.org\/{rel}","templated":true}]}}