{"id":16266,"date":"2025-07-18T18:51:24","date_gmt":"2025-07-18T21:51:24","guid":{"rendered":"https:\/\/www.noticiasmas.com.ar\/?p=16266"},"modified":"2025-07-18T18:51:28","modified_gmt":"2025-07-18T21:51:28","slug":"un-menor-se-cayo-de-su-bicicleta-en-el-campo-de-la-gloria-y-sufrio-fractura-de-craneo","status":"publish","type":"post","link":"https:\/\/www.noticiasmas.com.ar\/index.php\/2025\/07\/18\/un-menor-se-cayo-de-su-bicicleta-en-el-campo-de-la-gloria-y-sufrio-fractura-de-craneo\/","title":{"rendered":"Un menor se cay\u00f3 de su bicicleta en el Campo de la Gloria y sufri\u00f3 fractura de cr\u00e1neo"},"content":{"rendered":"\n<p>Un adolescente result\u00f3 gravemente herido este jueves alrededor de las 17 horas, luego de perder el control de su bicicleta en la pendiente de calle Belgrano y Hugo Parente, en la ciudad de San Lorenzo.<\/p>\n\n\n\n<p>Seg\u00fan el parte policial, personal del Comando fue comisionado al lugar tras un llamado de emergencia. Al arribar, hallaron a un joven tendido sobre la cinta asf\u00e1ltica junto a una bicicleta mountain bike marca Specialized, color roja, rodado 29.<\/p>\n\n\n\n<p>El propio adolescente relat\u00f3 que se encontraba con sus amigos descendiendo por la bajada en bicicleta, cuando por razones que a\u00fan se intentan establecer perdi\u00f3 el control y cay\u00f3 violentamente al pavimento.<\/p>\n\n\n\n<p>Fue asistido por una unidad m\u00e9dica del SIES, que tras evaluarlo en el lugar lo traslad\u00f3 al Hospital Granaderos a Caballo. Estuvo acompa\u00f1ado por su madre.&nbsp;<\/p>\n\n\n\n<p>La Comisar\u00eda 1\u00aa qued\u00f3 a cargo de las actuaciones.&nbsp;<\/p>\n","protected":false},"excerpt":{"rendered":"<p>Un adolescente result\u00f3 gravemente herido este jueves alrededor de las 17 horas, luego de perder el control de su bicicleta en la pendiente de calle Belgrano y Hugo Parente, en la ciudad de San Lorenzo. Seg\u00fan el parte policial, personal del Comando fue comisionado al lugar tras un llamado de emergencia. Al arribar, hallaron a [&hellip;]<\/p>\n","protected":false},"author":3,"featured_media":16267,"comment_status":"closed","ping_status":"open","sticky":false,"template":"","format":"standard","meta":{"tdm_status":"","tdm_grid_status":"","footnotes":""},"categories":[13],"tags":[834,1488,690],"class_list":{"0":"post-16266","1":"post","2":"type-post","3":"status-publish","4":"format-standard","5":"has-post-thumbnail","7":"category-region","8":"tag-adolescente","9":"tag-campo-de-la-gloria","10":"tag-herido"},"_links":{"self":[{"href":"https:\/\/www.noticiasmas.com.ar\/index.php\/wp-json\/wp\/v2\/posts\/16266","targetHints":{"allow":["GET"]}}],"collection":[{"href":"https:\/\/www.noticiasmas.com.ar\/index.php\/wp-json\/wp\/v2\/posts"}],"about":[{"href":"https:\/\/www.noticiasmas.com.ar\/index.php\/wp-json\/wp\/v2\/types\/post"}],"author":[{"embeddable":true,"href":"https:\/\/www.noticiasmas.com.ar\/index.php\/wp-json\/wp\/v2\/users\/3"}],"replies":[{"embeddable":true,"href":"https:\/\/www.noticiasmas.com.ar\/index.php\/wp-json\/wp\/v2\/comments?post=16266"}],"version-history":[{"count":1,"href":"https:\/\/www.noticiasmas.com.ar\/index.php\/wp-json\/wp\/v2\/posts\/16266\/revisions"}],"predecessor-version":[{"id":16268,"href":"https:\/\/www.noticiasmas.com.ar\/index.php\/wp-json\/wp\/v2\/posts\/16266\/revisions\/16268"}],"wp:featuredmedia":[{"embeddable":true,"href":"https:\/\/www.noticiasmas.com.ar\/index.php\/wp-json\/wp\/v2\/media\/16267"}],"wp:attachment":[{"href":"https:\/\/www.noticiasmas.com.ar\/index.php\/wp-json\/wp\/v2\/media?parent=16266"}],"wp:term":[{"taxonomy":"category","embeddable":true,"href":"https:\/\/www.noticiasmas.com.ar\/index.php\/wp-json\/wp\/v2\/categories?post=16266"},{"taxonomy":"post_tag","embeddable":true,"href":"https:\/\/www.noticiasmas.com.ar\/index.php\/wp-json\/wp\/v2\/tags?post=16266"}],"curies":[{"name":"wp","href":"https:\/\/api.w.org\/{rel}","templated":true}]}}