{"id":16272,"date":"2025-07-20T20:25:01","date_gmt":"2025-07-20T23:25:01","guid":{"rendered":"https:\/\/www.noticiasmas.com.ar\/?p=16272"},"modified":"2025-07-20T20:25:05","modified_gmt":"2025-07-20T23:25:05","slug":"vacaciones-de-invierno-mas-de-600-mil-personas-disfrutaron-de-diferentes-propuestas-en-la-provincia-de-santa-fe","status":"publish","type":"post","link":"https:\/\/www.noticiasmas.com.ar\/index.php\/2025\/07\/20\/vacaciones-de-invierno-mas-de-600-mil-personas-disfrutaron-de-diferentes-propuestas-en-la-provincia-de-santa-fe\/","title":{"rendered":"Vacaciones de invierno: m\u00e1s de 600 mil personas disfrutaron de diferentes propuestas en la provincia de Santa Fe"},"content":{"rendered":"\n<p>Con picos de ocupaci\u00f3n hotelera del 85 % y un impacto econ\u00f3mico de $ 16.295 millones, Santa Fe vivi\u00f3 un receso invernal r\u00e9cord. El Gobierno Provincial consolid\u00f3 su apuesta al turismo interno y el acceso a la cultura como motores del desarrollo local.<\/p>\n\n\n\n<p>La provincia de Santa Fe cerr\u00f3 las vacaciones de invierno con una participaci\u00f3n hist\u00f3rica en actividades culturales y tur\u00edsticas, generando un impacto econ\u00f3mico estimado en m\u00e1s de $ 16.295 millones. Con propuestas gratuitas, fiestas populares y altos niveles de ocupaci\u00f3n hotelera, el Gobierno Provincial consolid\u00f3 el turismo interno y el acceso a la cultura como motores del desarrollo local.<\/p>\n\n\n\n<p>El Gobierno de Santa Fe, a trav\u00e9s de los ministerios de Cultura y de Desarrollo Productivo, posicion\u00f3 al territorio como un destino de referencia durante el receso invernal 2025. La articulaci\u00f3n territorial, la diversidad de actividades y el protagonismo de las fiestas populares dinamizaron las econom\u00edas regionales y fortalecieron el arraigo.<\/p>\n\n\n\n<p>M\u00e1s de 235.000 personas participaron de las iniciativas del Ministerio de Cultura, que se desplegaron en museos, plazas, espacios culturales y con el programa Vereditas en vacaciones. La ministra de Cultura, Susana Rueda, valor\u00f3 \u201cla masiva concurrencia a los espacios p\u00fablicos, especialmente por parte de ni\u00f1os, ni\u00f1as y familias\u201d. Se\u00f1al\u00f3 que se vivi\u00f3 una verdadera fiesta cultural en toda la provincia y destac\u00f3 que \u201cSanta Fe es una provincia para disfrutar todo el a\u00f1o\u201d, con una programaci\u00f3n sostenida desde el ministerio.<\/p>\n\n\n\n<p>Las fiestas populares marcaron el pulso del receso. En la ciudad capital, el evento El Invernal reuni\u00f3 a m\u00e1s de 60.000 asistentes y se consolid\u00f3 como el festival cervecero de invierno m\u00e1s convocante del pa\u00eds. A su vez el recital de Lali Esp\u00f3sito en la Estaci\u00f3n Belgrano, en la ciudad de Santa Fe, agot\u00f3 localidades y convoc\u00f3 a miles.<\/p>\n\n\n\n<p>En Humberto Primo, la Fiesta Provincial de la Bagna Cauda super\u00f3 las expectativas con m\u00e1s de 1.000 asistentes y entradas anticipadas agotadas. La Fiesta del Amarillo en Helvecia atrajo a m\u00e1s de 30.000 personas, mientras que el Festival Tanabata en Rosario celebr\u00f3 la cultura japonesa con 12.000 visitantes. En Rafaela, el Festival de Teatro recibi\u00f3 a m\u00e1s de 15.000 espectadores. A su vez, el acto por el D\u00eda de la Independencia en la ciudad capital reuni\u00f3 a m\u00e1s de 100.000 personas en una jornada hist\u00f3rica.<\/p>\n\n\n\n<p><strong>Conocer la provincia<\/strong><\/p>\n\n\n\n<p>El programa \u201cViaj\u00e1 por tu provincia\u201d promovi\u00f3 seis experiencias tur\u00edsticas intermunicipales que impulsaron el turismo interno y el intercambio cultural. Participaron contingentes de distintas localidades que recorrieron destinos como Cayast\u00e1, Guadalupe Norte, Esperanza, Zen\u00f3n Pereyra, Carrizales y San Jos\u00e9 de la Esquina. Las propuestas incluyeron visitas guiadas a museos, fiestas locales y encuentros con actores productivos.<\/p>\n\n\n\n<p>La secretaria de Turismo, Marcela Aeberhard, subray\u00f3 que desde la gesti\u00f3n del ministro Gustavo Puccini se est\u00e1 incentivando a recorrer la provincia \u201cde norte a sur y de este a oeste\u201d, con una gran variedad de propuestas para todos los p\u00fablicos, desde el turismo religioso y de naturaleza hasta actividades para las infancias.<\/p>\n\n\n\n<p>La ocupaci\u00f3n hotelera promedi\u00f3 el 56 % en toda la provincia, con picos del 85% en hoteles cuatro estrellas de Santa Fe capital. Aunque predomin\u00f3 el turismo excursionista, \u201cel movimiento gener\u00f3 beneficios en sectores como gastronom\u00eda, transporte, comercio y servicios\u201d, dijo la funcionaria.<\/p>\n\n\n\n<p>Los principales espacios culturales de la Provincia permanecieron abiertos durante todo el receso con actividades pensadas para toda la familia. Se destacaron el Tr\u00edptico de la Imaginaci\u00f3n (La Redonda, El Molino y La Esquina Encendida en la ciudad de Santa Fe), el Museo del Deporte Santafesino; los museos Marc y Gallardo; Plataforma Lavard\u00e9n; Casa Arij\u00f3n; el cine El Cairo; el Acuario del Paran\u00e1; el Mercado de Frutos Culturales, todos ellos de Rosario; los museos Ameghino, Galisteo, Etnogr\u00e1fico, Colonial, Brigadier L\u00f3pez, Arqueol\u00f3gico y Casa del Brigadier; los Aleros Coronel Dorrego y Las Flores, los espacios Paco Urondo y la Casa de la Cultura; todos tambi\u00e9n en Santa Fe capital; el Parque del Fuerte en Puerto Gaboto; el espacio cultural Sapukay en San Jos\u00e9 del Rinc\u00f3n; entre otros.<\/p>\n\n\n\n<p>Finalmente, Aeberhard consider\u00f3 que los resultados alcanzados reflejan decisiones pol\u00edticas que priorizan el acceso a la cultura, el turismo de cercan\u00eda y el desarrollo regional. \u201cSanta Fe es una provincia que se disfruta todo el a\u00f1o\u201d, concluy\u00f3.<\/p>\n","protected":false},"excerpt":{"rendered":"<p>Con picos de ocupaci\u00f3n hotelera del 85 % y un impacto econ\u00f3mico de $ 16.295 millones, Santa Fe vivi\u00f3 un receso invernal r\u00e9cord. El Gobierno Provincial consolid\u00f3 su apuesta al turismo interno y el acceso a la cultura como motores del desarrollo local. La provincia de Santa Fe cerr\u00f3 las vacaciones de invierno con una [&hellip;]<\/p>\n","protected":false},"author":3,"featured_media":16273,"comment_status":"closed","ping_status":"open","sticky":false,"template":"","format":"standard","meta":{"tdm_status":"","tdm_grid_status":"","footnotes":""},"categories":[14],"tags":[1354,18,441,2522],"class_list":{"0":"post-16272","1":"post","2":"type-post","3":"status-publish","4":"format-standard","5":"has-post-thumbnail","7":"category-provinciales","8":"tag-economia-3","9":"tag-santa-fe","10":"tag-turismo","11":"tag-vacaciones-de-invierno"},"_links":{"self":[{"href":"https:\/\/www.noticiasmas.com.ar\/index.php\/wp-json\/wp\/v2\/posts\/16272","targetHints":{"allow":["GET"]}}],"collection":[{"href":"https:\/\/www.noticiasmas.com.ar\/index.php\/wp-json\/wp\/v2\/posts"}],"about":[{"href":"https:\/\/www.noticiasmas.com.ar\/index.php\/wp-json\/wp\/v2\/types\/post"}],"author":[{"embeddable":true,"href":"https:\/\/www.noticiasmas.com.ar\/index.php\/wp-json\/wp\/v2\/users\/3"}],"replies":[{"embeddable":true,"href":"https:\/\/www.noticiasmas.com.ar\/index.php\/wp-json\/wp\/v2\/comments?post=16272"}],"version-history":[{"count":1,"href":"https:\/\/www.noticiasmas.com.ar\/index.php\/wp-json\/wp\/v2\/posts\/16272\/revisions"}],"predecessor-version":[{"id":16274,"href":"https:\/\/www.noticiasmas.com.ar\/index.php\/wp-json\/wp\/v2\/posts\/16272\/revisions\/16274"}],"wp:featuredmedia":[{"embeddable":true,"href":"https:\/\/www.noticiasmas.com.ar\/index.php\/wp-json\/wp\/v2\/media\/16273"}],"wp:attachment":[{"href":"https:\/\/www.noticiasmas.com.ar\/index.php\/wp-json\/wp\/v2\/media?parent=16272"}],"wp:term":[{"taxonomy":"category","embeddable":true,"href":"https:\/\/www.noticiasmas.com.ar\/index.php\/wp-json\/wp\/v2\/categories?post=16272"},{"taxonomy":"post_tag","embeddable":true,"href":"https:\/\/www.noticiasmas.com.ar\/index.php\/wp-json\/wp\/v2\/tags?post=16272"}],"curies":[{"name":"wp","href":"https:\/\/api.w.org\/{rel}","templated":true}]}}