{"id":16275,"date":"2025-07-21T08:53:40","date_gmt":"2025-07-21T11:53:40","guid":{"rendered":"https:\/\/www.noticiasmas.com.ar\/?p=16275"},"modified":"2025-07-21T08:53:44","modified_gmt":"2025-07-21T11:53:44","slug":"papelon-de-keylor-navas-hizo-la-entrada-en-calor-como-titular-pero-decidio-no-jugar","status":"publish","type":"post","link":"https:\/\/www.noticiasmas.com.ar\/index.php\/2025\/07\/21\/papelon-de-keylor-navas-hizo-la-entrada-en-calor-como-titular-pero-decidio-no-jugar\/","title":{"rendered":"Papel\u00f3n de Keylor Navas: hizo la entrada en calor como titular pero decidi\u00f3 no jugar"},"content":{"rendered":"\n<p>El costarricense Keylor Navas protagoniz\u00f3 un papelonezco espect\u00e1culo poco deportivo y de menor compa\u00f1erismo durante el encuentro por la segunda fecha del Clausura, donde Newell\u2019s cay\u00f3 derrotado frente a Banfield en condici\u00f3n de local por 2 a 1.\u00a0<\/p>\n\n\n\n<p>Es que el arquero, una de las figuras no solo de Newell\u2019s si no de todo el f\u00fatbol argentino, habr\u00eda decidido no jugar el encuentro pese a que entren\u00f3, fue confirmado por el t\u00e9cnico e hizo la entrada en calor sabiendo que este domingo por la tarde noche iba a volver a atajar como titular leproso.\u00a0<\/p>\n\n\n\n<p>La definici\u00f3n del arquero estar\u00eda vinculada al conflicto extradeportivo que mantiene consigo mismo: la oferta de Pumas de M\u00e9xico que pese a que va y viene debido a la escasa propuesta del equipo centroamericano, sigue firme y estar\u00eda a punto de confirmarse.<\/p>\n\n\n\n<p>Y la actitud del arquero no desmiente tales intenciones. ya que bajarse del partido que hubiese sido una especie de recomposici\u00f3n del v\u00ednculo con la hinchada rojinegra tras lo ocurrido en Mendoza, no ayuda demasiado y lo pone en un lugar poco profesional al arquero costarricense.\u00a0<\/p>\n\n\n\n<p>Al comienzo de esta semana, los medios mexicanos dan por hecho que Navas estar\u00e1 esta semana firmando su v\u00ednculo con Pumas y que hasta podr\u00eda llegar y atajar en el partido que el viernes su hipot\u00e9tico nuevo equipo tendr\u00e1 frente a Quer\u00e9taro.<\/p>\n\n\n\n<p>En Rosario, dan por hecho que la actitud del arquero es ya pr\u00e1cticamente irreconciliable por lo escandaloso de todo, ya que una instituci\u00f3n enorme deposit\u00f3 confianza plena en un arquero que se ha ganado el reconocimiento mundial, pero su falta de sinceridad en sus intenciones profesionales y econ\u00f3micas tir\u00f3 por la borda todo lo logrado.<\/p>\n","protected":false},"excerpt":{"rendered":"<p>El costarricense Keylor Navas protagoniz\u00f3 un papelonezco espect\u00e1culo poco deportivo y de menor compa\u00f1erismo durante el encuentro por la segunda fecha del Clausura, donde Newell\u2019s cay\u00f3 derrotado frente a Banfield en condici\u00f3n de local por 2 a 1.\u00a0 Es que el arquero, una de las figuras no solo de Newell\u2019s si no de todo el [&hellip;]<\/p>\n","protected":false},"author":9,"featured_media":16276,"comment_status":"closed","ping_status":"open","sticky":false,"template":"","format":"standard","meta":{"tdm_status":"","tdm_grid_status":"","footnotes":""},"categories":[10],"tags":[46,3978,132],"class_list":{"0":"post-16275","1":"post","2":"type-post","3":"status-publish","4":"format-standard","5":"has-post-thumbnail","7":"category-deportes","8":"tag-futbol","9":"tag-keylor-navas","10":"tag-newells"},"_links":{"self":[{"href":"https:\/\/www.noticiasmas.com.ar\/index.php\/wp-json\/wp\/v2\/posts\/16275","targetHints":{"allow":["GET"]}}],"collection":[{"href":"https:\/\/www.noticiasmas.com.ar\/index.php\/wp-json\/wp\/v2\/posts"}],"about":[{"href":"https:\/\/www.noticiasmas.com.ar\/index.php\/wp-json\/wp\/v2\/types\/post"}],"author":[{"embeddable":true,"href":"https:\/\/www.noticiasmas.com.ar\/index.php\/wp-json\/wp\/v2\/users\/9"}],"replies":[{"embeddable":true,"href":"https:\/\/www.noticiasmas.com.ar\/index.php\/wp-json\/wp\/v2\/comments?post=16275"}],"version-history":[{"count":1,"href":"https:\/\/www.noticiasmas.com.ar\/index.php\/wp-json\/wp\/v2\/posts\/16275\/revisions"}],"predecessor-version":[{"id":16277,"href":"https:\/\/www.noticiasmas.com.ar\/index.php\/wp-json\/wp\/v2\/posts\/16275\/revisions\/16277"}],"wp:featuredmedia":[{"embeddable":true,"href":"https:\/\/www.noticiasmas.com.ar\/index.php\/wp-json\/wp\/v2\/media\/16276"}],"wp:attachment":[{"href":"https:\/\/www.noticiasmas.com.ar\/index.php\/wp-json\/wp\/v2\/media?parent=16275"}],"wp:term":[{"taxonomy":"category","embeddable":true,"href":"https:\/\/www.noticiasmas.com.ar\/index.php\/wp-json\/wp\/v2\/categories?post=16275"},{"taxonomy":"post_tag","embeddable":true,"href":"https:\/\/www.noticiasmas.com.ar\/index.php\/wp-json\/wp\/v2\/tags?post=16275"}],"curies":[{"name":"wp","href":"https:\/\/api.w.org\/{rel}","templated":true}]}}