{"id":16312,"date":"2025-07-22T09:08:16","date_gmt":"2025-07-22T12:08:16","guid":{"rendered":"https:\/\/www.noticiasmas.com.ar\/?p=16312"},"modified":"2025-07-22T09:08:19","modified_gmt":"2025-07-22T12:08:19","slug":"newells-confirmo-la-salida-de-navas-por-dos-millones-de-dolares","status":"publish","type":"post","link":"https:\/\/www.noticiasmas.com.ar\/index.php\/2025\/07\/22\/newells-confirmo-la-salida-de-navas-por-dos-millones-de-dolares\/","title":{"rendered":"Newell\u2019s confirm\u00f3 la salida de Navas por dos millones de d\u00f3lares"},"content":{"rendered":"\n<p>Mediante un comunicado oficial, Newell\u2019s puso cr\u00e9ditos finales a la novela pat\u00e9tica de Keylor Navas, el arquero costarricense que presion\u00f3 para irse durante toda la pretemporada y falt\u00f3 a los dos primeros partidos con el fin de apurar su salida al f\u00fatbol mexicano.<\/p>\n\n\n\n<p>El arquero que fue la figura del plantel rojinegro durante el Apertura y uno de los mejores jugadores del torneo en l\u00edneas generales del f\u00fatbol argentino, jugar\u00e1 en Pumas de M\u00e9xico y ya podr\u00eda ser parte del equipo universitario este viernes en su visita a Quer\u00e9taro.<\/p>\n\n\n\n<p>\u201cEl Club Atl\u00e9tico Newell&#8217;s Old Boys informa a sus socios, socias e hinchas que el futbolista Keylor Navas ya no forma parte del plantel profesional de f\u00fatbol y continuar\u00e1 su carrera en Pumas de M\u00e9xico. Esta decisi\u00f3n ha sido tomada en funci\u00f3n de la convicci\u00f3n de sostener un proyecto colectivo donde el compromiso, la profesionalidad y el respeto por los valores del club son pilares innegociables\u201d, se\u00f1alaron desde el club.<\/p>\n\n\n\n<p>Oficialmente, Newell\u2019s inform\u00f3 que el club recibi\u00f3 1.9 millones de d\u00f3lares por la rescisi\u00f3n del contrato del costarricense, dinero que habr\u00eda sido pagado por el mismo jugador para finalmente dar por hecha su salida y que llegar\u00e1n unos 100 mil d\u00f3lares en variables que pagar\u00e1 el club mexicano.<\/p>\n\n\n\n<p>\u201cNuestro camino es claro: unidad, esfuerzo y pertenencia. Bajo esos valores seguiremos trabajando d\u00eda a d\u00eda para honrar la camiseta y el sentimiento de nuestra gente\u201d, agregaron.<\/p>\n\n\n\n<p>Por un lado, el club se desprende de una pieza clave y trascendental en el armado del plantel de Fabbiani y a un monto que no es el pretendido en un principio (encima de 3 millones de d\u00f3lares).<\/p>\n\n\n\n<p>A\u00fan as\u00ed, qu\u00e9 duda cabe que un futbolista que en el marco de una negociaci\u00f3n por una transferencia se ausenta con motivos dudosos en los dos primeros partidos del equipo, denota una falta de compromiso que las urgencias deportivas del equipo leproso est\u00e1n lejos de tolerar.<\/p>\n\n\n\n<p>Para reforzar el arco leproso existen, al momento, tres opciones: Sergio Romero, hoy sin lugar en Boca, Esteban Andrada, hoy en el Monterrey de M\u00e9xico pero con una posibilidad de retornar a Argentina, y Washington Aguerre, arquero uruguayo que actualmente est\u00e1 negociando su salida del DIM de Colombia y eval\u00faa ofertas del f\u00fatbol espa\u00f1ol, de su pa\u00eds, y la opci\u00f3n leproso.<\/p>\n","protected":false},"excerpt":{"rendered":"<p>Mediante un comunicado oficial, Newell\u2019s puso cr\u00e9ditos finales a la novela pat\u00e9tica de Keylor Navas, el arquero costarricense que presion\u00f3 para irse durante toda la pretemporada y falt\u00f3 a los dos primeros partidos con el fin de apurar su salida al f\u00fatbol mexicano. El arquero que fue la figura del plantel rojinegro durante el Apertura [&hellip;]<\/p>\n","protected":false},"author":9,"featured_media":16313,"comment_status":"closed","ping_status":"open","sticky":false,"template":"","format":"standard","meta":{"tdm_status":"","tdm_grid_status":"","footnotes":""},"categories":[10],"tags":[28,46,3978,132],"class_list":{"0":"post-16312","1":"post","2":"type-post","3":"status-publish","4":"format-standard","5":"has-post-thumbnail","7":"category-deportes","8":"tag-deportes","9":"tag-futbol","10":"tag-keylor-navas","11":"tag-newells"},"_links":{"self":[{"href":"https:\/\/www.noticiasmas.com.ar\/index.php\/wp-json\/wp\/v2\/posts\/16312","targetHints":{"allow":["GET"]}}],"collection":[{"href":"https:\/\/www.noticiasmas.com.ar\/index.php\/wp-json\/wp\/v2\/posts"}],"about":[{"href":"https:\/\/www.noticiasmas.com.ar\/index.php\/wp-json\/wp\/v2\/types\/post"}],"author":[{"embeddable":true,"href":"https:\/\/www.noticiasmas.com.ar\/index.php\/wp-json\/wp\/v2\/users\/9"}],"replies":[{"embeddable":true,"href":"https:\/\/www.noticiasmas.com.ar\/index.php\/wp-json\/wp\/v2\/comments?post=16312"}],"version-history":[{"count":1,"href":"https:\/\/www.noticiasmas.com.ar\/index.php\/wp-json\/wp\/v2\/posts\/16312\/revisions"}],"predecessor-version":[{"id":16314,"href":"https:\/\/www.noticiasmas.com.ar\/index.php\/wp-json\/wp\/v2\/posts\/16312\/revisions\/16314"}],"wp:featuredmedia":[{"embeddable":true,"href":"https:\/\/www.noticiasmas.com.ar\/index.php\/wp-json\/wp\/v2\/media\/16313"}],"wp:attachment":[{"href":"https:\/\/www.noticiasmas.com.ar\/index.php\/wp-json\/wp\/v2\/media?parent=16312"}],"wp:term":[{"taxonomy":"category","embeddable":true,"href":"https:\/\/www.noticiasmas.com.ar\/index.php\/wp-json\/wp\/v2\/categories?post=16312"},{"taxonomy":"post_tag","embeddable":true,"href":"https:\/\/www.noticiasmas.com.ar\/index.php\/wp-json\/wp\/v2\/tags?post=16312"}],"curies":[{"name":"wp","href":"https:\/\/api.w.org\/{rel}","templated":true}]}}