{"id":16330,"date":"2025-07-22T17:48:58","date_gmt":"2025-07-22T20:48:58","guid":{"rendered":"https:\/\/www.noticiasmas.com.ar\/?p=16330"},"modified":"2025-07-22T17:49:02","modified_gmt":"2025-07-22T20:49:02","slug":"convencion-constituyente-se-reunio-la-comision-de-poder-legislativo-y-ejecutivo","status":"publish","type":"post","link":"https:\/\/www.noticiasmas.com.ar\/index.php\/2025\/07\/22\/convencion-constituyente-se-reunio-la-comision-de-poder-legislativo-y-ejecutivo\/","title":{"rendered":"Convenci\u00f3n Constituyente: Se reuni\u00f3 la Comisi\u00f3n de Poder Legislativo y Ejecutivo"},"content":{"rendered":"\n<p>Presidida por el senador Rodrigo Borla, fue el segundo encuentro de los convencionales que la integran. La agenda de reuniones de Comisiones contin\u00faa este martes por la tarde.<\/p>\n\n\n\n<p>Este martes a la ma\u00f1ana en la Legislatura provincial se realiz\u00f3 la segunda reuni\u00f3n de la Comisi\u00f3n de Poder Legislativo y Ejecutivo de la Convenci\u00f3n Reformadora de la Constituci\u00f3n de Santa Fe.<br><\/p>\n\n\n\n<p>Entre los temas tratados, en primer turno se acept\u00f3 la renuncia de la convencional Mar\u00eda Eugenia Mart\u00ednez Fern\u00e1ndez, quien se desempe\u00f1aba como secretaria. Seg\u00fan establece el Art\u00edculo N\u00ba 20 del Reglamento, no es posible ocupar dos cargos similares en la Convenci\u00f3n y, por lo tanto, su reemplazo se definir\u00e1 por la tarde. Mart\u00ednez Fern\u00e1ndez ya ocupa un cargo similar en la comisi\u00f3n de Funcionamiento del Estado y Participaci\u00f3n Ciudadana.<br><\/p>\n\n\n\n<p>Asimismo, la Comisi\u00f3n abord\u00f3 detalles de la reuni\u00f3n que se realizar\u00e1 durante la jornada entre autoridades de la Convenci\u00f3n con los presidentes de las distintas Comisiones; y tambi\u00e9n defini\u00f3 que a partir del pr\u00f3ximo martes comenzar\u00e1n a estudiar los diferentes art\u00edculos de los los proyectos presentados a partir de la convocatoria p\u00fablica, que se encuentra abierta hasta el 27 de julio.<br><\/p>\n\n\n\n<p>La Comisi\u00f3n de Poder Legislativo y Ejecutivo es presidida por el convencional y senador provincial Rodrigo Borla, e integrada tambi\u00e9n por los convencionales del mismo espacio Esteban Motta, Julio Garibaldi, Victoria Tejeda, Orfilio Marc\u00f3n, Pablo Far\u00edas, Daiana Gallo Ambrosis, Cristian Cunha y Arnaldo Ghione; de M\u00e1s para Santa Fe la integran Armando Traferri, Rub\u00e9n Pirola y Alcides Calvo; de La Libertad Avanza, Gabriela Mart\u00ednez y Beatriz Brouwer; de Somos Vida y Libertad Silvia Malfesi y Emiliano Peralta (ausente este martes); del Frente de la Esperanza, Ariel Sclafani; y de Activemos, la renunciante Eugenia Mart\u00ednez.<\/p>\n\n\n\n<p><\/p>\n","protected":false},"excerpt":{"rendered":"<p>Presidida por el senador Rodrigo Borla, fue el segundo encuentro de los convencionales que la integran. La agenda de reuniones de Comisiones contin\u00faa este martes por la tarde. Este martes a la ma\u00f1ana en la Legislatura provincial se realiz\u00f3 la segunda reuni\u00f3n de la Comisi\u00f3n de Poder Legislativo y Ejecutivo de la Convenci\u00f3n Reformadora de [&hellip;]<\/p>\n","protected":false},"author":5,"featured_media":16331,"comment_status":"closed","ping_status":"open","sticky":false,"template":"","format":"standard","meta":{"tdm_status":"","tdm_grid_status":"","footnotes":""},"categories":[8],"tags":[4893,2988,18],"class_list":{"0":"post-16330","1":"post","2":"type-post","3":"status-publish","4":"format-standard","5":"has-post-thumbnail","7":"category-politica","8":"tag-comision-de-poder-legislativo-y-ejecutivo","9":"tag-convencion-constituyente","10":"tag-santa-fe"},"_links":{"self":[{"href":"https:\/\/www.noticiasmas.com.ar\/index.php\/wp-json\/wp\/v2\/posts\/16330","targetHints":{"allow":["GET"]}}],"collection":[{"href":"https:\/\/www.noticiasmas.com.ar\/index.php\/wp-json\/wp\/v2\/posts"}],"about":[{"href":"https:\/\/www.noticiasmas.com.ar\/index.php\/wp-json\/wp\/v2\/types\/post"}],"author":[{"embeddable":true,"href":"https:\/\/www.noticiasmas.com.ar\/index.php\/wp-json\/wp\/v2\/users\/5"}],"replies":[{"embeddable":true,"href":"https:\/\/www.noticiasmas.com.ar\/index.php\/wp-json\/wp\/v2\/comments?post=16330"}],"version-history":[{"count":1,"href":"https:\/\/www.noticiasmas.com.ar\/index.php\/wp-json\/wp\/v2\/posts\/16330\/revisions"}],"predecessor-version":[{"id":16332,"href":"https:\/\/www.noticiasmas.com.ar\/index.php\/wp-json\/wp\/v2\/posts\/16330\/revisions\/16332"}],"wp:featuredmedia":[{"embeddable":true,"href":"https:\/\/www.noticiasmas.com.ar\/index.php\/wp-json\/wp\/v2\/media\/16331"}],"wp:attachment":[{"href":"https:\/\/www.noticiasmas.com.ar\/index.php\/wp-json\/wp\/v2\/media?parent=16330"}],"wp:term":[{"taxonomy":"category","embeddable":true,"href":"https:\/\/www.noticiasmas.com.ar\/index.php\/wp-json\/wp\/v2\/categories?post=16330"},{"taxonomy":"post_tag","embeddable":true,"href":"https:\/\/www.noticiasmas.com.ar\/index.php\/wp-json\/wp\/v2\/tags?post=16330"}],"curies":[{"name":"wp","href":"https:\/\/api.w.org\/{rel}","templated":true}]}}