{"id":16333,"date":"2025-07-22T17:54:29","date_gmt":"2025-07-22T20:54:29","guid":{"rendered":"https:\/\/www.noticiasmas.com.ar\/?p=16333"},"modified":"2025-07-22T17:54:32","modified_gmt":"2025-07-22T20:54:32","slug":"convencion-constituyente-la-comision-de-declaraciones-derechos-y-garantias-comenzo-con-su-actividad","status":"publish","type":"post","link":"https:\/\/www.noticiasmas.com.ar\/index.php\/2025\/07\/22\/convencion-constituyente-la-comision-de-declaraciones-derechos-y-garantias-comenzo-con-su-actividad\/","title":{"rendered":"Convenci\u00f3n Constituyente: La Comisi\u00f3n de Declaraciones, Derechos y Garant\u00edas comenz\u00f3 con su actividad"},"content":{"rendered":"\n<p>Tiene a su cargo el estudio de art\u00edculos ya existentes y la incorporaci\u00f3n de nuevos derechos. Su misi\u00f3n es fortalecer el enfoque de derechos en clave contempor\u00e1nea, con perspectiva inclusiva y de futuro.<\/p>\n\n\n\n<p>En el marco de la Convenci\u00f3n Reformadora de la Constituci\u00f3n de Santa Fe, este martes inici\u00f3 su labor la Comisi\u00f3n de Declaraciones, Derechos y Garant\u00edas. Esta Comisi\u00f3n aborda la reforma de los derechos fundamentales consagrados en la Constituci\u00f3n Provincial. Tiene a su cargo el estudio de art\u00edculos ya existentes y la incorporaci\u00f3n de nuevos derechos: digitales, ambientales, cient\u00edficos, de acceso al agua y de protecci\u00f3n a consumidores y usuarios, entre otros. Su misi\u00f3n es fortalecer el enfoque de derechos en clave contempor\u00e1nea, con perspectiva inclusiva y de futuro.<br><\/p>\n\n\n\n<p>La Comisi\u00f3n de Declaraciones, Derechos y Garant\u00edas est\u00e1 presidida por Alejandra Rodenas; el vicepresidente es Joaqu\u00edn Gramajo; el secretario es Gino Svegliati; y est\u00e1 integrada por Mar\u00eda Victoria Tejeda, Germ\u00e1n Baumgartner, Leonardo Diana, Luc\u00eda Masneri, Arnaldo Ghione, Joaqu\u00edn Gramajo, Franco Svegliatti, y Gisel Mahmud del bloque Unidos para Cambiar Santa Fe; Alejandra Rodenas, Osvaldo Sosa, y Facundo Olivera del bloque M\u00e1s para Santa Fe; Elisabet Vidal y Juan Pedro Aleart del bloque La Libertad Avanza; Juan Arga\u00f1araz del bloque Somos Vida y Libertad; Caren Fruh del bloque Frente de la Esperanza; y Mar\u00eda Victoria Capoccetti del bloque Activemos.<br><\/p>\n\n\n\n<p>En la reuni\u00f3n de hoy se fijaron los d\u00edas de reuni\u00f3n ad referendum de lo que posteriormente determine la Comisi\u00f3n de Labor Parlamentaria. La propuesta es que los encuentros sean los martes y mi\u00e9rcoles para recibir a todas aquellas agrupaciones, organizaciones y sujetos individuales y colectivos que presentaron proyectos. Esto se va a organizar en funci\u00f3n de cada uno de los art\u00edculos que toque reformar a la Convenci\u00f3n y que conciernan a esta comisi\u00f3n.<\/p>\n","protected":false},"excerpt":{"rendered":"<p>Tiene a su cargo el estudio de art\u00edculos ya existentes y la incorporaci\u00f3n de nuevos derechos. Su misi\u00f3n es fortalecer el enfoque de derechos en clave contempor\u00e1nea, con perspectiva inclusiva y de futuro. En el marco de la Convenci\u00f3n Reformadora de la Constituci\u00f3n de Santa Fe, este martes inici\u00f3 su labor la Comisi\u00f3n de Declaraciones, [&hellip;]<\/p>\n","protected":false},"author":5,"featured_media":16334,"comment_status":"closed","ping_status":"open","sticky":false,"template":"","format":"standard","meta":{"tdm_status":"","tdm_grid_status":"","footnotes":""},"categories":[8],"tags":[4894,2988,18],"class_list":{"0":"post-16333","1":"post","2":"type-post","3":"status-publish","4":"format-standard","5":"has-post-thumbnail","7":"category-politica","8":"tag-comision-de-declaraciones-derechos-y-garantias","9":"tag-convencion-constituyente","10":"tag-santa-fe"},"_links":{"self":[{"href":"https:\/\/www.noticiasmas.com.ar\/index.php\/wp-json\/wp\/v2\/posts\/16333","targetHints":{"allow":["GET"]}}],"collection":[{"href":"https:\/\/www.noticiasmas.com.ar\/index.php\/wp-json\/wp\/v2\/posts"}],"about":[{"href":"https:\/\/www.noticiasmas.com.ar\/index.php\/wp-json\/wp\/v2\/types\/post"}],"author":[{"embeddable":true,"href":"https:\/\/www.noticiasmas.com.ar\/index.php\/wp-json\/wp\/v2\/users\/5"}],"replies":[{"embeddable":true,"href":"https:\/\/www.noticiasmas.com.ar\/index.php\/wp-json\/wp\/v2\/comments?post=16333"}],"version-history":[{"count":1,"href":"https:\/\/www.noticiasmas.com.ar\/index.php\/wp-json\/wp\/v2\/posts\/16333\/revisions"}],"predecessor-version":[{"id":16335,"href":"https:\/\/www.noticiasmas.com.ar\/index.php\/wp-json\/wp\/v2\/posts\/16333\/revisions\/16335"}],"wp:featuredmedia":[{"embeddable":true,"href":"https:\/\/www.noticiasmas.com.ar\/index.php\/wp-json\/wp\/v2\/media\/16334"}],"wp:attachment":[{"href":"https:\/\/www.noticiasmas.com.ar\/index.php\/wp-json\/wp\/v2\/media?parent=16333"}],"wp:term":[{"taxonomy":"category","embeddable":true,"href":"https:\/\/www.noticiasmas.com.ar\/index.php\/wp-json\/wp\/v2\/categories?post=16333"},{"taxonomy":"post_tag","embeddable":true,"href":"https:\/\/www.noticiasmas.com.ar\/index.php\/wp-json\/wp\/v2\/tags?post=16333"}],"curies":[{"name":"wp","href":"https:\/\/api.w.org\/{rel}","templated":true}]}}