{"id":16336,"date":"2025-07-22T17:59:30","date_gmt":"2025-07-22T20:59:30","guid":{"rendered":"https:\/\/www.noticiasmas.com.ar\/?p=16336"},"modified":"2025-07-22T17:59:34","modified_gmt":"2025-07-22T20:59:34","slug":"gremio-de-trabajadores-nodocentes-de-la-unr-convoca-a-plenario-en-el-marco-de-la-grave-situacion-que-atraviesan-las-universidades-nacionales","status":"publish","type":"post","link":"https:\/\/www.noticiasmas.com.ar\/index.php\/2025\/07\/22\/gremio-de-trabajadores-nodocentes-de-la-unr-convoca-a-plenario-en-el-marco-de-la-grave-situacion-que-atraviesan-las-universidades-nacionales\/","title":{"rendered":"GREMIO DE TRABAJADORES NODOCENTES DE LA UNR CONVOCA A PLENARIO EN EL MARCO DE LA GRAVE SITUACI\u00d3N QUE ATRAVIESAN LAS UNIVERSIDADES NACIONALES"},"content":{"rendered":"\n<p>El gremio de Trabajadores Nodocentes de la UNR (APUR) realizar\u00e1 un nuevo plenario informativo en el marco de la profunda preocupaci\u00f3n que atraviesan las Universidades Nacionales<\/p>\n\n\n\n<p>El mismo se llevar\u00e1 a cabo este mi\u00e9rcoles 23 de julio a las 10 horas en el Sal\u00f3n Auditorio de la entidad sindical (C\u00f3rdoba 2971)<\/p>\n\n\n\n<p>Dicho encuentro es convocado por la comisi\u00f3n directiva del gremio universitario tanto a los cuerpos org\u00e1nicos de APUR como a todos los trabajadores del sector.<\/p>\n\n\n\n<p>Temario a tratar:<\/p>\n\n\n\n<p>An\u00e1lisis de la situaci\u00f3n actual del sistema universitario p\u00fablico nacional.<\/p>\n\n\n\n<p>Problem\u00e1ticas salariales y advertencias sobre posibles medidas del Gobierno Nacional que podr\u00edan atentar gravemente contra la continuidad del estamento Nodocente en el seno de las Universidades Nacionales.<\/p>\n\n\n\n<p>\u201cEn un contexto de creciente ajuste y amenazas concretas contra el sistema universitario, creemos importante la participaci\u00f3n de todas y todos\u201d, se\u00f1al\u00f3 el comunicado de APUR .<\/p>\n\n\n\n<p>\u201cLa unidad y la organizaci\u00f3n es fundamental para seguir defendiendo nuestros derechos\u201d, completaron .<\/p>\n","protected":false},"excerpt":{"rendered":"<p>El gremio de Trabajadores Nodocentes de la UNR (APUR) realizar\u00e1 un nuevo plenario informativo en el marco de la profunda preocupaci\u00f3n que atraviesan las Universidades Nacionales El mismo se llevar\u00e1 a cabo este mi\u00e9rcoles 23 de julio a las 10 horas en el Sal\u00f3n Auditorio de la entidad sindical (C\u00f3rdoba 2971) Dicho encuentro es convocado [&hellip;]<\/p>\n","protected":false},"author":5,"featured_media":16337,"comment_status":"closed","ping_status":"open","sticky":false,"template":"","format":"standard","meta":{"tdm_status":"","tdm_grid_status":"","footnotes":""},"categories":[13],"tags":[2682,2894,163,546],"class_list":{"0":"post-16336","1":"post","2":"type-post","3":"status-publish","4":"format-standard","5":"has-post-thumbnail","7":"category-region","8":"tag-apur","9":"tag-plenario","10":"tag-rosario","11":"tag-unr"},"_links":{"self":[{"href":"https:\/\/www.noticiasmas.com.ar\/index.php\/wp-json\/wp\/v2\/posts\/16336","targetHints":{"allow":["GET"]}}],"collection":[{"href":"https:\/\/www.noticiasmas.com.ar\/index.php\/wp-json\/wp\/v2\/posts"}],"about":[{"href":"https:\/\/www.noticiasmas.com.ar\/index.php\/wp-json\/wp\/v2\/types\/post"}],"author":[{"embeddable":true,"href":"https:\/\/www.noticiasmas.com.ar\/index.php\/wp-json\/wp\/v2\/users\/5"}],"replies":[{"embeddable":true,"href":"https:\/\/www.noticiasmas.com.ar\/index.php\/wp-json\/wp\/v2\/comments?post=16336"}],"version-history":[{"count":1,"href":"https:\/\/www.noticiasmas.com.ar\/index.php\/wp-json\/wp\/v2\/posts\/16336\/revisions"}],"predecessor-version":[{"id":16338,"href":"https:\/\/www.noticiasmas.com.ar\/index.php\/wp-json\/wp\/v2\/posts\/16336\/revisions\/16338"}],"wp:featuredmedia":[{"embeddable":true,"href":"https:\/\/www.noticiasmas.com.ar\/index.php\/wp-json\/wp\/v2\/media\/16337"}],"wp:attachment":[{"href":"https:\/\/www.noticiasmas.com.ar\/index.php\/wp-json\/wp\/v2\/media?parent=16336"}],"wp:term":[{"taxonomy":"category","embeddable":true,"href":"https:\/\/www.noticiasmas.com.ar\/index.php\/wp-json\/wp\/v2\/categories?post=16336"},{"taxonomy":"post_tag","embeddable":true,"href":"https:\/\/www.noticiasmas.com.ar\/index.php\/wp-json\/wp\/v2\/tags?post=16336"}],"curies":[{"name":"wp","href":"https:\/\/api.w.org\/{rel}","templated":true}]}}