{"id":16348,"date":"2025-07-22T21:48:16","date_gmt":"2025-07-23T00:48:16","guid":{"rendered":"https:\/\/www.noticiasmas.com.ar\/?p=16348"},"modified":"2025-07-22T21:49:29","modified_gmt":"2025-07-23T00:49:29","slug":"convencion-constituyente-la-comision-de-labor-parlamentaria-mantuvo-un-encuentro-este-martes","status":"publish","type":"post","link":"https:\/\/www.noticiasmas.com.ar\/index.php\/2025\/07\/22\/convencion-constituyente-la-comision-de-labor-parlamentaria-mantuvo-un-encuentro-este-martes\/","title":{"rendered":"Convenci\u00f3n Constituyente: La Comisi\u00f3n de Labor Parlamentaria mantuvo un encuentro este martes"},"content":{"rendered":"\n<p>Su funci\u00f3n es organizar y planificar el desarrollo del trabajo legislativo. Es el \u00f3rgano de coordinaci\u00f3n que asegura el funcionamiento din\u00e1mico y eficiente de la Convenci\u00f3n.<\/p>\n\n\n\n<p>Continuando con la agenda del d\u00eda de la Convenci\u00f3n Reformadora de la Constituci\u00f3n de la Provincia de Santa Fe, inici\u00f3 su trabajo la Comisi\u00f3n de Labor Parlamentaria. Esta comisi\u00f3n est\u00e1 integrada por las autoridades de los bloques pol\u00edticos y miembros designados por el pleno de la Convenci\u00f3n. Su funci\u00f3n es organizar y planificar el desarrollo del trabajo legislativo: proyecta el orden del d\u00eda, elabora el Plan de Labor Parlamentaria y promueve medidas que agilicen el tratamiento de los temas. Es el \u00f3rgano de coordinaci\u00f3n que asegura el funcionamiento din\u00e1mico y eficiente de la Convenci\u00f3n.<\/p>\n\n\n\n<p><br>El presidente es Felipe Michlig y est\u00e1 integrada por Fabi\u00e1n Bastia, Pablo Far\u00edas, Lisandro Enrico, Arnaldo Ghione y Cristian Cunha de Unidos para Cambiar Santa Fe; Rub\u00e9n Pirola, Juan Monteverde, Diego Giuliano y Lucila De Ponti de M\u00e1s para Santa Fe; Amalia Granata y Emiliano Peralta de Somos Vida y Libertad; Marcelo Lewandowski y Ruben Giustiniani de Activemos; Nicol\u00e1s Mayoraz y Marcos Peyrano de La Libertad Avanza; y Ariel Sclafani de Frente de la Esperanza.<br><\/p>\n\n\n\n<p>Durante este encuentro avanzaron en cuestiones de ordenamiento para comenzar a preparar la tercera sesi\u00f3n de la Convenci\u00f3n Reformadora de la Constituci\u00f3n de la Provincia de Santa Fe, la cual se llevar\u00e1 a cabo este jueves a las 18. Previo a eso se va a realizar una nueva reuni\u00f3n de la Comisi\u00f3n de Labor Parlamentaria para abordar todos los temas. Entre otros puntos, se acord\u00f3 que las reuniones de comisi\u00f3n se realicen en los recintos del Senado y de Diputados, y sean transmitidas.<\/p>\n","protected":false},"excerpt":{"rendered":"<p>Su funci\u00f3n es organizar y planificar el desarrollo del trabajo legislativo. Es el \u00f3rgano de coordinaci\u00f3n que asegura el funcionamiento din\u00e1mico y eficiente de la Convenci\u00f3n. Continuando con la agenda del d\u00eda de la Convenci\u00f3n Reformadora de la Constituci\u00f3n de la Provincia de Santa Fe, inici\u00f3 su trabajo la Comisi\u00f3n de Labor Parlamentaria. Esta comisi\u00f3n [&hellip;]<\/p>\n","protected":false},"author":5,"featured_media":16349,"comment_status":"closed","ping_status":"open","sticky":false,"template":"","format":"standard","meta":{"tdm_status":"","tdm_grid_status":"","footnotes":""},"categories":[8],"tags":[4897,2988,18],"class_list":{"0":"post-16348","1":"post","2":"type-post","3":"status-publish","4":"format-standard","5":"has-post-thumbnail","7":"category-politica","8":"tag-comision-labor-parlamentaria","9":"tag-convencion-constituyente","10":"tag-santa-fe"},"_links":{"self":[{"href":"https:\/\/www.noticiasmas.com.ar\/index.php\/wp-json\/wp\/v2\/posts\/16348","targetHints":{"allow":["GET"]}}],"collection":[{"href":"https:\/\/www.noticiasmas.com.ar\/index.php\/wp-json\/wp\/v2\/posts"}],"about":[{"href":"https:\/\/www.noticiasmas.com.ar\/index.php\/wp-json\/wp\/v2\/types\/post"}],"author":[{"embeddable":true,"href":"https:\/\/www.noticiasmas.com.ar\/index.php\/wp-json\/wp\/v2\/users\/5"}],"replies":[{"embeddable":true,"href":"https:\/\/www.noticiasmas.com.ar\/index.php\/wp-json\/wp\/v2\/comments?post=16348"}],"version-history":[{"count":1,"href":"https:\/\/www.noticiasmas.com.ar\/index.php\/wp-json\/wp\/v2\/posts\/16348\/revisions"}],"predecessor-version":[{"id":16350,"href":"https:\/\/www.noticiasmas.com.ar\/index.php\/wp-json\/wp\/v2\/posts\/16348\/revisions\/16350"}],"wp:featuredmedia":[{"embeddable":true,"href":"https:\/\/www.noticiasmas.com.ar\/index.php\/wp-json\/wp\/v2\/media\/16349"}],"wp:attachment":[{"href":"https:\/\/www.noticiasmas.com.ar\/index.php\/wp-json\/wp\/v2\/media?parent=16348"}],"wp:term":[{"taxonomy":"category","embeddable":true,"href":"https:\/\/www.noticiasmas.com.ar\/index.php\/wp-json\/wp\/v2\/categories?post=16348"},{"taxonomy":"post_tag","embeddable":true,"href":"https:\/\/www.noticiasmas.com.ar\/index.php\/wp-json\/wp\/v2\/tags?post=16348"}],"curies":[{"name":"wp","href":"https:\/\/api.w.org\/{rel}","templated":true}]}}