{"id":16355,"date":"2025-07-23T14:01:28","date_gmt":"2025-07-23T17:01:28","guid":{"rendered":"https:\/\/www.noticiasmas.com.ar\/?p=16355"},"modified":"2025-07-23T14:01:31","modified_gmt":"2025-07-23T17:01:31","slug":"sigue-la-tension-entre-mercado-libre-y-el-gobierno-de-santa-fe-por-un-nuevo-aumento-de-comisiones","status":"publish","type":"post","link":"https:\/\/www.noticiasmas.com.ar\/index.php\/2025\/07\/23\/sigue-la-tension-entre-mercado-libre-y-el-gobierno-de-santa-fe-por-un-nuevo-aumento-de-comisiones\/","title":{"rendered":"Sigue la tensi\u00f3n entre Mercado Libre y el gobierno de Santa Fe por un nuevo aumento de comisiones"},"content":{"rendered":"\n<p>El conflicto entre Mercado Libre y el gobierno de Santa Fe sum\u00f3 un nuevo cap\u00edtulo. La empresa de Marcos Galper\u00edn decidi\u00f3 aumentar las comisiones a los comercios de la provincia, argumentando un supuesto incremento en el impuesto a los Ingresos Brutos, lo que, seg\u00fan las autoridades provinciales, implica una violaci\u00f3n de un convenio firmado recientemente.<\/p>\n\n\n\n<p>Todo comenz\u00f3 en mayo, cuando Mercado Libre adhiri\u00f3 al programa provincial <em>Impulso Comercial<\/em>, una iniciativa que busca aliviar la carga tributaria de peque\u00f1os comercios. En ese marco, las billeteras virtuales y Proveedores de Servicios de Pago (PSP) que participaron del acuerdo accedieron a una reducci\u00f3n de la al\u00edcuota de Ingresos Brutos del 9% al 6,5%, a cambio de trasladar esa reducci\u00f3n en forma de menores costos para los comerciantes.<\/p>\n\n\n\n<p>La al\u00edcuota del 9% corresponde al tratamiento igualitario que la ley tributaria provincial aplica a fintechs y bancos, pero exclusivamente sobre los intereses cobrados por financiamiento o manejo de saldos.<\/p>\n\n\n\n<p><strong>Un aumento inesperado<\/strong><\/p>\n\n\n\n<p>Pese a este compromiso, en julio Mercado Libre aplic\u00f3 un aumento en sus comisiones para vendedores de Santa Fe, alegando un mayor costo impositivo en algunas provincias.<\/p>\n\n\n\n<p>\u201cEl aumento no tiene fundamento: no hubo suba de impuestos. Est\u00e1n incumpliendo lo que firmaron hace dos meses. Con la excusa de un aumento que no existe, trasladan mayores costos a los comercios\u201d, cuestion\u00f3 el ministro de Econom\u00eda santafesino, Pablo Olivares, en declaraciones a LT8.<\/p>\n\n\n\n<p>El funcionario advirti\u00f3 que se trata de un \u201cfalso traslado impositivo\u201d y que la maniobra perjudica a los comerciantes, posiblemente amparada en una posici\u00f3n dominante por parte de la empresa. \u201cComo son contratos por adhesi\u00f3n, sin posibilidad de negociaci\u00f3n, la gravedad es a\u00fan mayor\u201d, se\u00f1al\u00f3.<\/p>\n\n\n\n<p>Aunque no se anunciaron sanciones inmediatas, Olivares dej\u00f3 la puerta abierta a nuevas medidas y reclam\u00f3 que la empresa revise su accionar. \u201cNo se puede asumir un compromiso y despu\u00e9s hacer lo contrario. Tuvieron un beneficio y no lo cumplieron\u201d, afirm\u00f3.<\/p>\n\n\n\n<p><strong>Acusaciones por uso narco de dispositivos<\/strong><\/p>\n\n\n\n<p>El conflicto tambi\u00e9n tiene un trasfondo m\u00e1s sensible: semanas atr\u00e1s, funcionarios del gobierno provincial hab\u00edan se\u00f1alado que dispositivos de cobro de Mercado Pago aparecen frecuentemente en operativos contra el narcotr\u00e1fico.<\/p>\n\n\n\n<p>Si bien no se imput\u00f3 directamente a la empresa, Olivares cuestion\u00f3 la falta de controles al entregar dispositivos a supuestos comercios. \u201cEn los procedimientos policiales y judiciales vemos cada vez m\u00e1s dispositivos de cobro electr\u00f3nico junto con drogas y armas\u201d, advirti\u00f3. Y remarc\u00f3: \u201cEsos dispositivos no deber\u00edan estar en manos de cualquiera. Se supone que deben ser entregados a comercios l\u00edcitos\u201d.<\/p>\n\n\n\n<p>Ante estas acusaciones, Mercado Libre hab\u00eda emitido un comunicado rechazando las afirmaciones del gobierno.<\/p>\n","protected":false},"excerpt":{"rendered":"<p>El conflicto entre Mercado Libre y el gobierno de Santa Fe sum\u00f3 un nuevo cap\u00edtulo. La empresa de Marcos Galper\u00edn decidi\u00f3 aumentar las comisiones a los comercios de la provincia, argumentando un supuesto incremento en el impuesto a los Ingresos Brutos, lo que, seg\u00fan las autoridades provinciales, implica una violaci\u00f3n de un convenio firmado recientemente. [&hellip;]<\/p>\n","protected":false},"author":9,"featured_media":16356,"comment_status":"closed","ping_status":"open","sticky":false,"template":"","format":"standard","meta":{"tdm_status":"","tdm_grid_status":"","footnotes":""},"categories":[14],"tags":[746,3845,2248,18],"class_list":{"0":"post-16355","1":"post","2":"type-post","3":"status-publish","4":"format-standard","5":"has-post-thumbnail","7":"category-provinciales","8":"tag-ingresos-brutos","9":"tag-mercado-libre","10":"tag-provinciales","11":"tag-santa-fe"},"_links":{"self":[{"href":"https:\/\/www.noticiasmas.com.ar\/index.php\/wp-json\/wp\/v2\/posts\/16355","targetHints":{"allow":["GET"]}}],"collection":[{"href":"https:\/\/www.noticiasmas.com.ar\/index.php\/wp-json\/wp\/v2\/posts"}],"about":[{"href":"https:\/\/www.noticiasmas.com.ar\/index.php\/wp-json\/wp\/v2\/types\/post"}],"author":[{"embeddable":true,"href":"https:\/\/www.noticiasmas.com.ar\/index.php\/wp-json\/wp\/v2\/users\/9"}],"replies":[{"embeddable":true,"href":"https:\/\/www.noticiasmas.com.ar\/index.php\/wp-json\/wp\/v2\/comments?post=16355"}],"version-history":[{"count":1,"href":"https:\/\/www.noticiasmas.com.ar\/index.php\/wp-json\/wp\/v2\/posts\/16355\/revisions"}],"predecessor-version":[{"id":16357,"href":"https:\/\/www.noticiasmas.com.ar\/index.php\/wp-json\/wp\/v2\/posts\/16355\/revisions\/16357"}],"wp:featuredmedia":[{"embeddable":true,"href":"https:\/\/www.noticiasmas.com.ar\/index.php\/wp-json\/wp\/v2\/media\/16356"}],"wp:attachment":[{"href":"https:\/\/www.noticiasmas.com.ar\/index.php\/wp-json\/wp\/v2\/media?parent=16355"}],"wp:term":[{"taxonomy":"category","embeddable":true,"href":"https:\/\/www.noticiasmas.com.ar\/index.php\/wp-json\/wp\/v2\/categories?post=16355"},{"taxonomy":"post_tag","embeddable":true,"href":"https:\/\/www.noticiasmas.com.ar\/index.php\/wp-json\/wp\/v2\/tags?post=16355"}],"curies":[{"name":"wp","href":"https:\/\/api.w.org\/{rel}","templated":true}]}}