{"id":16394,"date":"2025-07-24T09:38:20","date_gmt":"2025-07-24T12:38:20","guid":{"rendered":"https:\/\/www.noticiasmas.com.ar\/?p=16394"},"modified":"2025-07-24T09:38:23","modified_gmt":"2025-07-24T12:38:23","slug":"convencion-constituyente-intendentes-peronistas-presentaron-su-proyecto-sobre-autonomia-municipal","status":"publish","type":"post","link":"https:\/\/www.noticiasmas.com.ar\/index.php\/2025\/07\/24\/convencion-constituyente-intendentes-peronistas-presentaron-su-proyecto-sobre-autonomia-municipal\/","title":{"rendered":"Convenci\u00f3n Constituyente: intendentes peronistas presentaron su proyecto sobre autonom\u00eda municipal"},"content":{"rendered":"\n<p>En la antesala de una nueva reuni\u00f3n de la comisi\u00f3n de R\u00e9gimen Municipal de la Convenci\u00f3n Constituyente que se llevar\u00e1 a cabo este viernes en Rosario, intendentes y jefes comunales peronistas nucleados en el espacio <em>Vamos<\/em> presentaron su propio proyecto de autonom\u00eda municipal, con especial \u00e9nfasis en la distribuci\u00f3n autom\u00e1tica y peri\u00f3dica de recursos.<\/p>\n\n\n\n<p>La propuesta busca que la futura Constituci\u00f3n reconozca al municipio como una \u201ccomunidad sociopol\u00edtica con relaciones estables de convivencia y vecindad\u201d, dotada de todas las competencias necesarias para gestionar los intereses locales. Adem\u00e1s, establece una diferenciaci\u00f3n: las localidades con m\u00e1s de 10.000 habitantes ser\u00e1n denominadas <em>ciudades<\/em> y las de menor poblaci\u00f3n, <em>pueblos<\/em>.<\/p>\n\n\n\n<p>El texto establece que todos los municipios ser\u00e1n aut\u00f3nomos en lo pol\u00edtico, administrativo, econ\u00f3mico y financiero, sin importar su tama\u00f1o. Aquellos que sancionen su propia carta org\u00e1nica acceder\u00e1n tambi\u00e9n a la autonom\u00eda institucional. En cambio, los que no lo hagan se regir\u00e1n por una ley org\u00e1nica dictada por la Legislatura.<\/p>\n\n\n\n<p>Adem\u00e1s, el proyecto plantea eliminar el balotaje y las elecciones intermedias, con el objetivo de evitar el \u201cestado de campa\u00f1a permanente\u201d en los distritos.<\/p>\n\n\n\n<h3 class=\"wp-block-heading\">Cartas org\u00e1nicas y convenciones municipales<\/h3>\n\n\n\n<p>Las cartas org\u00e1nicas locales deber\u00e1n respetar principios republicanos y garantizar mecanismos de participaci\u00f3n ciudadana como el refer\u00e9ndum y la iniciativa popular. La elecci\u00f3n de autoridades debe realizarse por sufragio universal, obligatorio y secreto, incluyendo a extranjeros residentes.<\/p>\n\n\n\n<p>Para su sanci\u00f3n, las cartas deber\u00e1n ser aprobadas por convenciones municipales convocadas por el Ejecutivo local, a partir de una ordenanza votada por las dos terceras partes del cuerpo legislativo. Esas convenciones se integrar\u00e1n con el doble de miembros del concejo o comisi\u00f3n, elegidos por el pueblo, tambi\u00e9n con paridad de g\u00e9nero.<\/p>\n\n\n\n<h3 class=\"wp-block-heading\">Reclamo por coparticipaci\u00f3n y gesti\u00f3n de obras<\/h3>\n\n\n\n<p>Uno de los puntos centrales del documento es la distribuci\u00f3n autom\u00e1tica de fondos, tanto nacionales como provinciales. Los intendentes reclaman un piso del 16% de los recursos federales para las ciudades y no menos del 6% para las comunas. En cuanto a los fondos provinciales, piden un m\u00ednimo del 20% para las ciudades y del 10% para los pueblos.<\/p>\n\n\n\n<p>\u201cLa plata que le corresponde a cada localidad tiene que llegar sin depender del humor del gobernador. Necesitamos reglas claras para gobernar\u201d, remarcaron los intendentes y presidentes comunales del justicialismo.<\/p>\n\n\n\n<p>Adem\u00e1s, el proyecto propone que los gobiernos locales tengan un rol protag\u00f3nico en la ejecuci\u00f3n de obras y prestaci\u00f3n de servicios, en articulaci\u00f3n con la Provincia y entre municipios. La propuesta cobra relevancia en un contexto en el que la Legislatura autoriz\u00f3 a la gesti\u00f3n de Maximiliano Pullaro a endeudarse por m\u00e1s de mil millones de d\u00f3lares para infraestructura.<\/p>\n\n\n\n<p>Con informaci\u00f3n de La Capital<\/p>\n\n\n\n<p>El texto fue firmado por autoridades de numerosas localidades, entre ellas Rosario, P\u00e9rez, Las Parejas, Mar\u00eda Teresa, Acebal, Tacural, Villa Mugueta y Santa Rosa de Calchines.<\/p>\n","protected":false},"excerpt":{"rendered":"<p>En la antesala de una nueva reuni\u00f3n de la comisi\u00f3n de R\u00e9gimen Municipal de la Convenci\u00f3n Constituyente que se llevar\u00e1 a cabo este viernes en Rosario, intendentes y jefes comunales peronistas nucleados en el espacio Vamos presentaron su propio proyecto de autonom\u00eda municipal, con especial \u00e9nfasis en la distribuci\u00f3n autom\u00e1tica y peri\u00f3dica de recursos. La [&hellip;]<\/p>\n","protected":false},"author":9,"featured_media":16395,"comment_status":"closed","ping_status":"open","sticky":false,"template":"","format":"standard","meta":{"tdm_status":"","tdm_grid_status":"","footnotes":""},"categories":[8],"tags":[4911,2988,18],"class_list":{"0":"post-16394","1":"post","2":"type-post","3":"status-publish","4":"format-standard","5":"has-post-thumbnail","7":"category-politica","8":"tag-autonomia-municipal","9":"tag-convencion-constituyente","10":"tag-santa-fe"},"_links":{"self":[{"href":"https:\/\/www.noticiasmas.com.ar\/index.php\/wp-json\/wp\/v2\/posts\/16394","targetHints":{"allow":["GET"]}}],"collection":[{"href":"https:\/\/www.noticiasmas.com.ar\/index.php\/wp-json\/wp\/v2\/posts"}],"about":[{"href":"https:\/\/www.noticiasmas.com.ar\/index.php\/wp-json\/wp\/v2\/types\/post"}],"author":[{"embeddable":true,"href":"https:\/\/www.noticiasmas.com.ar\/index.php\/wp-json\/wp\/v2\/users\/9"}],"replies":[{"embeddable":true,"href":"https:\/\/www.noticiasmas.com.ar\/index.php\/wp-json\/wp\/v2\/comments?post=16394"}],"version-history":[{"count":1,"href":"https:\/\/www.noticiasmas.com.ar\/index.php\/wp-json\/wp\/v2\/posts\/16394\/revisions"}],"predecessor-version":[{"id":16396,"href":"https:\/\/www.noticiasmas.com.ar\/index.php\/wp-json\/wp\/v2\/posts\/16394\/revisions\/16396"}],"wp:featuredmedia":[{"embeddable":true,"href":"https:\/\/www.noticiasmas.com.ar\/index.php\/wp-json\/wp\/v2\/media\/16395"}],"wp:attachment":[{"href":"https:\/\/www.noticiasmas.com.ar\/index.php\/wp-json\/wp\/v2\/media?parent=16394"}],"wp:term":[{"taxonomy":"category","embeddable":true,"href":"https:\/\/www.noticiasmas.com.ar\/index.php\/wp-json\/wp\/v2\/categories?post=16394"},{"taxonomy":"post_tag","embeddable":true,"href":"https:\/\/www.noticiasmas.com.ar\/index.php\/wp-json\/wp\/v2\/tags?post=16394"}],"curies":[{"name":"wp","href":"https:\/\/api.w.org\/{rel}","templated":true}]}}