{"id":16433,"date":"2025-07-28T08:47:12","date_gmt":"2025-07-28T11:47:12","guid":{"rendered":"https:\/\/www.noticiasmas.com.ar\/?p=16433"},"modified":"2025-07-28T08:47:15","modified_gmt":"2025-07-28T11:47:15","slug":"como-sera-el-corte-por-las-obras-de-ampliacion-en-la-autopista-rosario-santa-fe","status":"publish","type":"post","link":"https:\/\/www.noticiasmas.com.ar\/index.php\/2025\/07\/28\/como-sera-el-corte-por-las-obras-de-ampliacion-en-la-autopista-rosario-santa-fe\/","title":{"rendered":"\u00bfC\u00f3mo ser\u00e1 el corte por las obras de ampliaci\u00f3n en la Autopista Rosario &#8211; Santa Fe?"},"content":{"rendered":"\n<p>La autopista Rosario &#8211; Santa Fe Brigadier General Estanislao L\u00f3pez permanecer\u00e1 cerrada desde su kil\u00f3metro 0 hasta el 4, en Granadero Baigorria, a partir del pr\u00f3ximo viernes 1\u00b0 de agosto. <\/p>\n\n\n\n<p>El corte ser\u00e1 por un plazo estimativo de aproximadamente un mes y ser\u00e1 \u00fanicamente en la mano que va hacia la ciudad de Rosario, por lo que se realizar\u00e1 un desv\u00edo vehicular en dos direcciones para tr\u00e1nsito liviano y pesado. <\/p>\n\n\n\n<p>Es decir, los autos particulares desviar\u00e1n en el ingreso a Granadero Baigorria por avenida Sylvestre Begnis para tomar Ruta Nacional N\u00b011, mientras que el tr\u00e1nsito pesado lo har\u00e1 en el sentido contrario, siguiendo por la Ruta Provincial 34S hacia Ibarlucea, donde podr\u00e1n retomar  por la Ruta Nacional N\u00b034. <\/p>\n\n\n\n<p>El corte tendr\u00e1 como objetivo avanzar en la construcci\u00f3n del tercer carril en una zona con pronunciado desnivel y con mayor complejidad para las tareas que realiza el gobierno provincial a trav\u00e9s de la empresa Pose, encargada de la construcci\u00f3n de esta nueva mano en ambos sentidos. <\/p>\n\n\n\n<p>Las autoridades provinciales conf\u00edan que la obra continuar\u00e1 con sus plazos estipulados y a finales de este 2025 podr\u00eda estar inaugurada. <\/p>\n","protected":false},"excerpt":{"rendered":"<p>La autopista Rosario &#8211; Santa Fe Brigadier General Estanislao L\u00f3pez permanecer\u00e1 cerrada desde su kil\u00f3metro 0 hasta el 4, en Granadero Baigorria, a partir del pr\u00f3ximo viernes 1\u00b0 de agosto. El corte ser\u00e1 por un plazo estimativo de aproximadamente un mes y ser\u00e1 \u00fanicamente en la mano que va hacia la ciudad de Rosario, por [&hellip;]<\/p>\n","protected":false},"author":9,"featured_media":16434,"comment_status":"closed","ping_status":"open","sticky":false,"template":"","format":"standard","meta":{"tdm_status":"","tdm_grid_status":"","footnotes":""},"categories":[14],"tags":[223,4916,246,2248,571],"class_list":{"0":"post-16433","1":"post","2":"type-post","3":"status-publish","4":"format-standard","5":"has-post-thumbnail","7":"category-provinciales","8":"tag-autopista-rosario-santa-fe","9":"tag-desvios","10":"tag-granadero-baigorria","11":"tag-provinciales","12":"tag-transito"},"_links":{"self":[{"href":"https:\/\/www.noticiasmas.com.ar\/index.php\/wp-json\/wp\/v2\/posts\/16433","targetHints":{"allow":["GET"]}}],"collection":[{"href":"https:\/\/www.noticiasmas.com.ar\/index.php\/wp-json\/wp\/v2\/posts"}],"about":[{"href":"https:\/\/www.noticiasmas.com.ar\/index.php\/wp-json\/wp\/v2\/types\/post"}],"author":[{"embeddable":true,"href":"https:\/\/www.noticiasmas.com.ar\/index.php\/wp-json\/wp\/v2\/users\/9"}],"replies":[{"embeddable":true,"href":"https:\/\/www.noticiasmas.com.ar\/index.php\/wp-json\/wp\/v2\/comments?post=16433"}],"version-history":[{"count":1,"href":"https:\/\/www.noticiasmas.com.ar\/index.php\/wp-json\/wp\/v2\/posts\/16433\/revisions"}],"predecessor-version":[{"id":16435,"href":"https:\/\/www.noticiasmas.com.ar\/index.php\/wp-json\/wp\/v2\/posts\/16433\/revisions\/16435"}],"wp:featuredmedia":[{"embeddable":true,"href":"https:\/\/www.noticiasmas.com.ar\/index.php\/wp-json\/wp\/v2\/media\/16434"}],"wp:attachment":[{"href":"https:\/\/www.noticiasmas.com.ar\/index.php\/wp-json\/wp\/v2\/media?parent=16433"}],"wp:term":[{"taxonomy":"category","embeddable":true,"href":"https:\/\/www.noticiasmas.com.ar\/index.php\/wp-json\/wp\/v2\/categories?post=16433"},{"taxonomy":"post_tag","embeddable":true,"href":"https:\/\/www.noticiasmas.com.ar\/index.php\/wp-json\/wp\/v2\/tags?post=16433"}],"curies":[{"name":"wp","href":"https:\/\/api.w.org\/{rel}","templated":true}]}}