{"id":16446,"date":"2025-07-28T10:16:37","date_gmt":"2025-07-28T13:16:37","guid":{"rendered":"https:\/\/www.noticiasmas.com.ar\/?p=16446"},"modified":"2025-07-28T10:16:41","modified_gmt":"2025-07-28T13:16:41","slug":"el-cine-afronta-sus-peores-vacaciones-de-invierno-en-los-ultimos-16-anos","status":"publish","type":"post","link":"https:\/\/www.noticiasmas.com.ar\/index.php\/2025\/07\/28\/el-cine-afronta-sus-peores-vacaciones-de-invierno-en-los-ultimos-16-anos\/","title":{"rendered":"El cine afronta sus peores vacaciones de invierno en los \u00faltimos 16 a\u00f1os\u00a0"},"content":{"rendered":"\n<p>La venta de entradas en las salas de cine de todo el pa\u00eds sufren una ca\u00edda pronunciada y estas vacaciones de invierno visibilizaron con un fuerte cachetazo la realidad que viven las salas, donde los n\u00fameros dan una de las peores vacaciones de invierno desde el a\u00f1o 2009.&nbsp;<\/p>\n\n\n\n<p>En un per\u00edodo en donde, por cuestiones clim\u00e1ticas, las salas de cine son uno de los atractivos mas importantes para la recreaci\u00f3n de los argentinos, los n\u00fameros dan cuenta de una ca\u00edda del 20% en el mes de julio con respecto al a\u00f1o 2024, temporada que ya hab\u00eda sido mala para las salas.&nbsp;<\/p>\n\n\n\n<p>Para dar cuenta, la proyecci\u00f3n de las empresas de comercializaci\u00f3n de pel\u00edculas estiman un total de 4.700.000 espectadores este mes en todos los cines del pa\u00eds. Prepandemia, entre los a\u00f1os 2016 y 2019, julio ten\u00eda entre 8 y 9 millones de espectadores.&nbsp;<\/p>\n\n\n\n<p>El boom postpandemia y el alto crecimiento de los consumos culturales llev\u00f3 la cifra al mismo valor en 2022 y descendi\u00f3 unos pocos miles en 2023 (7.5 millones). <\/p>\n\n\n\n<p>Las causas son multifactoriales. Las formas de consumo por un lado chocan contra el alto valor de las entradas (promedio de $8000 por entrada entre todas las salas del pa\u00eds) y, en menor medida, una oferta que no termina de seducir al p\u00fablico en general.&nbsp;<\/p>\n\n\n\n<p>El precio, sin embargo, se posiciona como el valor m\u00e1s visible dentro de una crisis que a\u00f1o a a\u00f1o se profundiza. Porque m\u00e1s all\u00e1 del valor de las entradas per se, el gasto agregado que conlleva, muchas veces, una salida familiar al cine y otros espacios de consumo y\/o recreaci\u00f3n, corresponde al alto costo de vida que Argentina atraviesa actualmente.&nbsp;<\/p>\n\n\n\n<p>De igual modo, se denota que la industria est\u00e1 atravesando un momento de suma dificultad que podr\u00eda derivar en una transformaci\u00f3n de las salas en algo que estar\u00e1 lejos de ser el cine tradicional que conoc\u00edamos<\/p>\n","protected":false},"excerpt":{"rendered":"<p>La venta de entradas en las salas de cine de todo el pa\u00eds sufren una ca\u00edda pronunciada y estas vacaciones de invierno visibilizaron con un fuerte cachetazo la realidad que viven las salas, donde los n\u00fameros dan una de las peores vacaciones de invierno desde el a\u00f1o 2009.&nbsp; En un per\u00edodo en donde, por cuestiones [&hellip;]<\/p>\n","protected":false},"author":9,"featured_media":16447,"comment_status":"closed","ping_status":"open","sticky":false,"template":"","format":"standard","meta":{"tdm_status":"","tdm_grid_status":"","footnotes":""},"categories":[4],"tags":[1306,4920,2026],"class_list":{"0":"post-16446","1":"post","2":"type-post","3":"status-publish","4":"format-standard","5":"has-post-thumbnail","7":"category-culturayespectaculos","8":"tag-cine","9":"tag-consumos","10":"tag-estadisticas"},"_links":{"self":[{"href":"https:\/\/www.noticiasmas.com.ar\/index.php\/wp-json\/wp\/v2\/posts\/16446","targetHints":{"allow":["GET"]}}],"collection":[{"href":"https:\/\/www.noticiasmas.com.ar\/index.php\/wp-json\/wp\/v2\/posts"}],"about":[{"href":"https:\/\/www.noticiasmas.com.ar\/index.php\/wp-json\/wp\/v2\/types\/post"}],"author":[{"embeddable":true,"href":"https:\/\/www.noticiasmas.com.ar\/index.php\/wp-json\/wp\/v2\/users\/9"}],"replies":[{"embeddable":true,"href":"https:\/\/www.noticiasmas.com.ar\/index.php\/wp-json\/wp\/v2\/comments?post=16446"}],"version-history":[{"count":1,"href":"https:\/\/www.noticiasmas.com.ar\/index.php\/wp-json\/wp\/v2\/posts\/16446\/revisions"}],"predecessor-version":[{"id":16448,"href":"https:\/\/www.noticiasmas.com.ar\/index.php\/wp-json\/wp\/v2\/posts\/16446\/revisions\/16448"}],"wp:featuredmedia":[{"embeddable":true,"href":"https:\/\/www.noticiasmas.com.ar\/index.php\/wp-json\/wp\/v2\/media\/16447"}],"wp:attachment":[{"href":"https:\/\/www.noticiasmas.com.ar\/index.php\/wp-json\/wp\/v2\/media?parent=16446"}],"wp:term":[{"taxonomy":"category","embeddable":true,"href":"https:\/\/www.noticiasmas.com.ar\/index.php\/wp-json\/wp\/v2\/categories?post=16446"},{"taxonomy":"post_tag","embeddable":true,"href":"https:\/\/www.noticiasmas.com.ar\/index.php\/wp-json\/wp\/v2\/tags?post=16446"}],"curies":[{"name":"wp","href":"https:\/\/api.w.org\/{rel}","templated":true}]}}