{"id":16481,"date":"2025-07-30T08:22:33","date_gmt":"2025-07-30T11:22:33","guid":{"rendered":"https:\/\/www.noticiasmas.com.ar\/?p=16481"},"modified":"2025-07-30T08:22:36","modified_gmt":"2025-07-30T11:22:36","slug":"se-suspendio-el-corte-total-de-la-autopista-rosario-santa-fe-y-habra-desvios-para-transito-pesado","status":"publish","type":"post","link":"https:\/\/www.noticiasmas.com.ar\/index.php\/2025\/07\/30\/se-suspendio-el-corte-total-de-la-autopista-rosario-santa-fe-y-habra-desvios-para-transito-pesado\/","title":{"rendered":"Se suspendi\u00f3 el corte total de la autopista Rosario &#8211; Santa Fe y habr\u00e1 desv\u00edos para tr\u00e1nsito pesado"},"content":{"rendered":"\n<p>La Agencia Provincial de Seguridad Vial confirm\u00f3 que no se realizar\u00e1 ning\u00fan corte total de la Autopista Rosario &#8211; Santa Fe a medida que avance la construcci\u00f3n del tercer carril entre el kil\u00f3metro cero y los accesos a la ciudad de San Lorenzo.<\/p>\n\n\n\n<p>A su vez, este mi\u00e9rcoles comenzar\u00e1 a regir un nuevo esquema para el tr\u00e1nsito pesado, que no podr\u00e1 ingresar a la traza entre los kil\u00f3metros 14 y 0,teniendo prohibido el acceso a la Autopista en mando ascendente y desde los accesos a San Lorenzo.<\/p>\n\n\n\n<p>&#8220;La medida responde al progreso de la obra, que se ejecuta con el objetivo de mejorar la infraestructura vial del principal corredor de la provincia. Los cambios en la circulaci\u00f3n afectan exclusivamente al transporte de carga en sentido hacia Santa Fe, mientras que los veh\u00edculos livianos y colectivos podr\u00e1n circular con normalidad&#8221;, confirmaron desde el gobierno provincial de forma oficial.<br><\/p>\n\n\n\n<p>Seg\u00fan precisaron desde la Agencia Provincial de Seguridad Vial, los camiones que lleguen a Circunvalaci\u00f3n (en Rosario) no podr\u00e1n ingresar a la Autopista Rosario &#8211; Santa Fe y deber\u00e1n utilizar rutas alternativas. Para ello, se establecieron desv\u00edos en los principales accesos a la autopista:<\/p>\n\n\n\n<ul class=\"wp-block-list\">\n<li>Autopista Rosario &#8211; Buenos Aires y A012: se implementa un desv\u00edo para impedir el ingreso de camiones a Rosario con destino a la autopista.<\/li>\n\n\n\n<li><\/li>\n\n\n\n<li>Autopista Rosario &#8211; C\u00f3rdoba y A012: tambi\u00e9n se dispondr\u00e1 un desv\u00edo con el mismo objetivo.<br><\/li>\n\n\n\n<li>Como alternativa, se recomienda utilizar la Ruta Nacional A012, lo que permitir\u00e1 descomprimir la zona de obras y facilitar el desarrollo de los trabajos viales.<br><\/li>\n\n\n\n<li>Durante el operativo, la circulaci\u00f3n liviana hacia Santa Fe se mantiene habilitada sin restricciones, y se solicita respetar las indicaciones del personal de la Guardia Provincial y la se\u00f1alizaci\u00f3n transitoria que se encuentra desplegada en los accesos.<\/li>\n<\/ul>\n\n\n\n<p><\/p>\n","protected":false},"excerpt":{"rendered":"<p>La Agencia Provincial de Seguridad Vial confirm\u00f3 que no se realizar\u00e1 ning\u00fan corte total de la Autopista Rosario &#8211; Santa Fe a medida que avance la construcci\u00f3n del tercer carril entre el kil\u00f3metro cero y los accesos a la ciudad de San Lorenzo. A su vez, este mi\u00e9rcoles comenzar\u00e1 a regir un nuevo esquema para [&hellip;]<\/p>\n","protected":false},"author":9,"featured_media":16482,"comment_status":"closed","ping_status":"open","sticky":false,"template":"","format":"standard","meta":{"tdm_status":"","tdm_grid_status":"","footnotes":""},"categories":[14],"tags":[223,1032,2492,571],"class_list":{"0":"post-16481","1":"post","2":"type-post","3":"status-publish","4":"format-standard","5":"has-post-thumbnail","7":"category-provinciales","8":"tag-autopista-rosario-santa-fe","9":"tag-camiones","10":"tag-corte","11":"tag-transito"},"_links":{"self":[{"href":"https:\/\/www.noticiasmas.com.ar\/index.php\/wp-json\/wp\/v2\/posts\/16481","targetHints":{"allow":["GET"]}}],"collection":[{"href":"https:\/\/www.noticiasmas.com.ar\/index.php\/wp-json\/wp\/v2\/posts"}],"about":[{"href":"https:\/\/www.noticiasmas.com.ar\/index.php\/wp-json\/wp\/v2\/types\/post"}],"author":[{"embeddable":true,"href":"https:\/\/www.noticiasmas.com.ar\/index.php\/wp-json\/wp\/v2\/users\/9"}],"replies":[{"embeddable":true,"href":"https:\/\/www.noticiasmas.com.ar\/index.php\/wp-json\/wp\/v2\/comments?post=16481"}],"version-history":[{"count":1,"href":"https:\/\/www.noticiasmas.com.ar\/index.php\/wp-json\/wp\/v2\/posts\/16481\/revisions"}],"predecessor-version":[{"id":16483,"href":"https:\/\/www.noticiasmas.com.ar\/index.php\/wp-json\/wp\/v2\/posts\/16481\/revisions\/16483"}],"wp:featuredmedia":[{"embeddable":true,"href":"https:\/\/www.noticiasmas.com.ar\/index.php\/wp-json\/wp\/v2\/media\/16482"}],"wp:attachment":[{"href":"https:\/\/www.noticiasmas.com.ar\/index.php\/wp-json\/wp\/v2\/media?parent=16481"}],"wp:term":[{"taxonomy":"category","embeddable":true,"href":"https:\/\/www.noticiasmas.com.ar\/index.php\/wp-json\/wp\/v2\/categories?post=16481"},{"taxonomy":"post_tag","embeddable":true,"href":"https:\/\/www.noticiasmas.com.ar\/index.php\/wp-json\/wp\/v2\/tags?post=16481"}],"curies":[{"name":"wp","href":"https:\/\/api.w.org\/{rel}","templated":true}]}}