{"id":16490,"date":"2025-07-30T08:55:14","date_gmt":"2025-07-30T11:55:14","guid":{"rendered":"https:\/\/www.noticiasmas.com.ar\/?p=16490"},"modified":"2025-07-30T08:55:18","modified_gmt":"2025-07-30T11:55:18","slug":"paritaria-docente-ninguna-propuesta-para-los-maestros-santafesinos-y-nueva-reunion-conflictiva","status":"publish","type":"post","link":"https:\/\/www.noticiasmas.com.ar\/index.php\/2025\/07\/30\/paritaria-docente-ninguna-propuesta-para-los-maestros-santafesinos-y-nueva-reunion-conflictiva\/","title":{"rendered":"Paritaria docente: ninguna propuesta para los maestros santafesinos y nueva reuni\u00f3n conflictiva"},"content":{"rendered":"\n<p>Este martes por la ma\u00f1ana se llev\u00f3 a cabo el primer encuentro para definir el nuevo acuerdo paritario entre el gobierno provincial y los gremios docentes Amsafe y Sadop. La reuni\u00f3n concluy\u00f3 sin que se presentara una propuesta salarial, lo que gener\u00f3 fuerte malestar entre los representantes sindicales.<\/p>\n\n\n\n<p>Rodrigo Alonso, secretario general de Amsafe, manifest\u00f3 su descontento al t\u00e9rmino del encuentro: <strong>\u201cNo hay voluntad para discutir salario<\/strong>, condiciones de trabajo, situaci\u00f3n previsional ni cuestiones pedag\u00f3gicas\u201d, asegur\u00f3.<\/p>\n\n\n\n<p>El dirigente tambi\u00e9n critic\u00f3 los argumentos del Ejecutivo provincial, que sostiene que los salarios docentes le ganaron a la inflaci\u00f3n. \u201cNo sabemos a qu\u00e9 supermercado van los que hacen los n\u00fameros del INDEC. Los trabajadores sabemos que perdimos\u201d, ironiz\u00f3 Alonso, y detall\u00f3 que los activos recibieron un aumento del 13% frente a una inflaci\u00f3n del 16%, mientras que los jubilados percibieron apenas un 8%.<\/p>\n\n\n\n<p>Adem\u00e1s, denunci\u00f3 el incumplimiento de acuerdos previamente firmados. \u201cNo hay concursos de titularizaci\u00f3n ni traslados en los niveles inicial, primario y especial\u201d, remarc\u00f3, y tambi\u00e9n cuestion\u00f3 el incentivo por presentismo: \u201c\u00bfQu\u00e9 ser\u00eda el esfuerzo? \u00bfIr a la escuela enfermo? Esto da\u00f1a la salud de los trabajadores y tambi\u00e9n el aprendizaje de los alumnos\u201d.<\/p>\n\n\n\n<p>Por su parte, Pedro Bay\u00fagar, secretario general de Sadop, advirti\u00f3 que \u201cno hay voluntad de alcanzar un acuerdo\u201d, y coincidi\u00f3 con Amsafe en que la falta de un di\u00e1logo real y de respuestas concretas por parte del Gobierno provincial no hace m\u00e1s que profundizar el conflicto.<\/p>\n\n\n\n<p>La pr\u00f3xima reuni\u00f3n paritaria fue pautada para el martes de la semana pr\u00f3xima, aunque ambos gremios exigen la convocatoria a nuevos encuentros antes de esa fecha.<\/p>\n","protected":false},"excerpt":{"rendered":"<p>Este martes por la ma\u00f1ana se llev\u00f3 a cabo el primer encuentro para definir el nuevo acuerdo paritario entre el gobierno provincial y los gremios docentes Amsafe y Sadop. La reuni\u00f3n concluy\u00f3 sin que se presentara una propuesta salarial, lo que gener\u00f3 fuerte malestar entre los representantes sindicales. Rodrigo Alonso, secretario general de Amsafe, manifest\u00f3 [&hellip;]<\/p>\n","protected":false},"author":9,"featured_media":16491,"comment_status":"closed","ping_status":"open","sticky":false,"template":"","format":"standard","meta":{"tdm_status":"","tdm_grid_status":"","footnotes":""},"categories":[14],"tags":[800,926,799,18],"class_list":{"0":"post-16490","1":"post","2":"type-post","3":"status-publish","4":"format-standard","5":"has-post-thumbnail","7":"category-provinciales","8":"tag-amsafe","9":"tag-paritaria-docente","10":"tag-sadop","11":"tag-santa-fe"},"_links":{"self":[{"href":"https:\/\/www.noticiasmas.com.ar\/index.php\/wp-json\/wp\/v2\/posts\/16490","targetHints":{"allow":["GET"]}}],"collection":[{"href":"https:\/\/www.noticiasmas.com.ar\/index.php\/wp-json\/wp\/v2\/posts"}],"about":[{"href":"https:\/\/www.noticiasmas.com.ar\/index.php\/wp-json\/wp\/v2\/types\/post"}],"author":[{"embeddable":true,"href":"https:\/\/www.noticiasmas.com.ar\/index.php\/wp-json\/wp\/v2\/users\/9"}],"replies":[{"embeddable":true,"href":"https:\/\/www.noticiasmas.com.ar\/index.php\/wp-json\/wp\/v2\/comments?post=16490"}],"version-history":[{"count":1,"href":"https:\/\/www.noticiasmas.com.ar\/index.php\/wp-json\/wp\/v2\/posts\/16490\/revisions"}],"predecessor-version":[{"id":16492,"href":"https:\/\/www.noticiasmas.com.ar\/index.php\/wp-json\/wp\/v2\/posts\/16490\/revisions\/16492"}],"wp:featuredmedia":[{"embeddable":true,"href":"https:\/\/www.noticiasmas.com.ar\/index.php\/wp-json\/wp\/v2\/media\/16491"}],"wp:attachment":[{"href":"https:\/\/www.noticiasmas.com.ar\/index.php\/wp-json\/wp\/v2\/media?parent=16490"}],"wp:term":[{"taxonomy":"category","embeddable":true,"href":"https:\/\/www.noticiasmas.com.ar\/index.php\/wp-json\/wp\/v2\/categories?post=16490"},{"taxonomy":"post_tag","embeddable":true,"href":"https:\/\/www.noticiasmas.com.ar\/index.php\/wp-json\/wp\/v2\/tags?post=16490"}],"curies":[{"name":"wp","href":"https:\/\/api.w.org\/{rel}","templated":true}]}}