{"id":16528,"date":"2025-07-30T22:26:54","date_gmt":"2025-07-31T01:26:54","guid":{"rendered":"https:\/\/www.noticiasmas.com.ar\/?p=16528"},"modified":"2025-07-30T22:26:57","modified_gmt":"2025-07-31T01:26:57","slug":"se-viene-el-rosariazo-por-los-jubilados","status":"publish","type":"post","link":"https:\/\/www.noticiasmas.com.ar\/index.php\/2025\/07\/30\/se-viene-el-rosariazo-por-los-jubilados\/","title":{"rendered":"SE VIENE EL ROSARIAZO POR LOS JUBILADOS"},"content":{"rendered":"\n<p>\u201cLos 12 Ap\u00f3stoles\u201d viajan a la ciudad santafecina a acompa\u00f1ar la hist\u00f3rica Ronda de las Madres. Ser\u00e1 este jueves 31 y la marcha est\u00e1 prevista en la Plaza 25 de Mayo a las 17 hs.<\/p>\n\n\n\n<p>Nuestros jubilados que, todos los mi\u00e9rcoles, protestan frente al Congreso de la Naci\u00f3n, viajar\u00e1n a la ciudad de Rosario para participar, el jueves 31 de julio a las 17 hs., en Plaza 25 de Mayo, junto a organizaciones sociales, sindicales, barriales, estudiantiles y pol\u00edticas del campo popular, de la hist\u00f3rica Ronda de las Madres.<\/p>\n\n\n\n<p><br>Previamente, los jubilados porte\u00f1os del grupo independiente de autoconvocados llamado \u201clos 12 Ap\u00f3stoles\u201d, brindar\u00e1n una conferencia de prensa en la sede del Sindicato Obreros y Empleados Aceiteros de Rosario, Garc\u00eda Velloso 791 (Av. Alberdi al 700), a las 13 hs., para brindar detalles de su lucha semanal, signada por la represi\u00f3n y la violencia institucional.<\/p>\n\n\n\n<p><br>En una articulaci\u00f3n mancomunada entre hinchas de Rosario Central y Chacarita Jrs., quienes poseen estrechos lazos tribuneros y fueron protagonistas en la manifestaci\u00f3n de hinchas del 12 de marzo al Congreso de la Naci\u00f3n, hoy se unen para llevar a una delegaci\u00f3n de jubilados a la cuna de nuestra bandera, y marchar alzando las voces de la educaci\u00f3n p\u00fablica, la salud para todos, el trabajo digno, el derecho a una jubilaci\u00f3n justa y una Patria soberana.<\/p>\n","protected":false},"excerpt":{"rendered":"<p>\u201cLos 12 Ap\u00f3stoles\u201d viajan a la ciudad santafecina a acompa\u00f1ar la hist\u00f3rica Ronda de las Madres. Ser\u00e1 este jueves 31 y la marcha est\u00e1 prevista en la Plaza 25 de Mayo a las 17 hs. Nuestros jubilados que, todos los mi\u00e9rcoles, protestan frente al Congreso de la Naci\u00f3n, viajar\u00e1n a la ciudad de Rosario para [&hellip;]<\/p>\n","protected":false},"author":5,"featured_media":16529,"comment_status":"closed","ping_status":"open","sticky":false,"template":"","format":"standard","meta":{"tdm_status":"","tdm_grid_status":"","footnotes":""},"categories":[13],"tags":[4939,4083,4938,163,95],"class_list":{"0":"post-16528","1":"post","2":"type-post","3":"status-publish","4":"format-standard","5":"has-post-thumbnail","7":"category-region","8":"tag-chacarita-jr","9":"tag-marcha-de-jubilados","10":"tag-rosariazo","11":"tag-rosario","12":"tag-rosario-central"},"_links":{"self":[{"href":"https:\/\/www.noticiasmas.com.ar\/index.php\/wp-json\/wp\/v2\/posts\/16528","targetHints":{"allow":["GET"]}}],"collection":[{"href":"https:\/\/www.noticiasmas.com.ar\/index.php\/wp-json\/wp\/v2\/posts"}],"about":[{"href":"https:\/\/www.noticiasmas.com.ar\/index.php\/wp-json\/wp\/v2\/types\/post"}],"author":[{"embeddable":true,"href":"https:\/\/www.noticiasmas.com.ar\/index.php\/wp-json\/wp\/v2\/users\/5"}],"replies":[{"embeddable":true,"href":"https:\/\/www.noticiasmas.com.ar\/index.php\/wp-json\/wp\/v2\/comments?post=16528"}],"version-history":[{"count":1,"href":"https:\/\/www.noticiasmas.com.ar\/index.php\/wp-json\/wp\/v2\/posts\/16528\/revisions"}],"predecessor-version":[{"id":16530,"href":"https:\/\/www.noticiasmas.com.ar\/index.php\/wp-json\/wp\/v2\/posts\/16528\/revisions\/16530"}],"wp:featuredmedia":[{"embeddable":true,"href":"https:\/\/www.noticiasmas.com.ar\/index.php\/wp-json\/wp\/v2\/media\/16529"}],"wp:attachment":[{"href":"https:\/\/www.noticiasmas.com.ar\/index.php\/wp-json\/wp\/v2\/media?parent=16528"}],"wp:term":[{"taxonomy":"category","embeddable":true,"href":"https:\/\/www.noticiasmas.com.ar\/index.php\/wp-json\/wp\/v2\/categories?post=16528"},{"taxonomy":"post_tag","embeddable":true,"href":"https:\/\/www.noticiasmas.com.ar\/index.php\/wp-json\/wp\/v2\/tags?post=16528"}],"curies":[{"name":"wp","href":"https:\/\/api.w.org\/{rel}","templated":true}]}}