{"id":16541,"date":"2025-07-31T09:19:31","date_gmt":"2025-07-31T12:19:31","guid":{"rendered":"https:\/\/www.noticiasmas.com.ar\/?p=16541"},"modified":"2025-07-31T09:19:35","modified_gmt":"2025-07-31T12:19:35","slug":"jubilados-cobraran-un-aumento-de-5-mil-pesos-en-los-haberes-de-julio","status":"publish","type":"post","link":"https:\/\/www.noticiasmas.com.ar\/index.php\/2025\/07\/31\/jubilados-cobraran-un-aumento-de-5-mil-pesos-en-los-haberes-de-julio\/","title":{"rendered":"Jubilados cobrar\u00e1n un aumento de 5 mil pesos en los haberes de julio"},"content":{"rendered":"\n<p>A trav\u00e9s del Decreto 523\/2025, publicado este jueves en el Bolet\u00edn Oficial, el Gobierno confirm\u00f3 el pago de un bono previsional de $70.000 en agosto para jubilados y pensionados que perciban el haber m\u00ednimo.<\/p>\n\n\n\n<p>Con esta medida, las jubilaciones m\u00ednimas alcanzar\u00e1n en agosto los $384.305. Esto se debe a que el haber inicial para ese mes fue establecido en $314.305,37 tras un aumento del 1,6%, ajustado por la inflaci\u00f3n de junio. A este monto se le sumar\u00e1 el bono extraordinario.<\/p>\n\n\n\n<p>Para quienes superen los $314.305 pero no lleguen a los $384.305, el bono ser\u00e1 equivalente a la diferencia necesaria para alcanzar ese \u00faltimo monto. Por ejemplo, si un jubilado cobra $350.000, recibir\u00e1 un bono de $34.305. As\u00ed, la mejora para los haberes m\u00e1s bajos ser\u00e1 de apenas $5.000 respecto al mes anterior, cuando con el bono totalizaban $379.298.<\/p>\n\n\n\n<p>En los considerandos del decreto, el Ejecutivo justific\u00f3 la medida por los efectos de la inflaci\u00f3n sobre los haberes jubilatorios y critic\u00f3 la f\u00f3rmula de movilidad vigente desde marzo de 2021, establecida por la Ley N\u00b0 27.609. Seg\u00fan el texto oficial, esa f\u00f3rmula &#8220;presentaba graves y serios inconvenientes&#8221;, ya que no contemplaba la variaci\u00f3n de precios y generaba un desfasaje respecto de las variables econ\u00f3micas.<\/p>\n\n\n\n<p>Desde la asunci\u00f3n de Javier Milei, se otorgaron distintos bonos como forma de compensaci\u00f3n: dos pagos de $55.000 en los primeros meses de 2024 y bonos de $70.000 a partir de marzo.<\/p>\n\n\n\n<p>El decreto se\u00f1ala que la f\u00f3rmula de movilidad perjudic\u00f3 especialmente a los jubilados de menores ingresos, y por eso \u201cresulta necesario acudir a su sostenimiento mediante ayudas econ\u00f3micas previsionales\u201d.<\/p>\n\n\n\n<h3 class=\"wp-block-heading\">A qui\u00e9nes les corresponde el bono<\/h3>\n\n\n\n<p>El bono extraordinario de $70.000 ser\u00e1 percibido por:<\/p>\n\n\n\n<ul class=\"wp-block-list\">\n<li>Jubilados y pensionados que cobran haberes contributivos a trav\u00e9s de ANSES.<\/li>\n\n\n\n<li>Beneficiarios de la Pensi\u00f3n Universal para el Adulto Mayor.<\/li>\n\n\n\n<li>Titulares de pensiones no contributivas por vejez, invalidez, madres de siete hijos o m\u00e1s, y dem\u00e1s pensiones no contributivas o graciables a cargo de ANSES.<\/li>\n<\/ul>\n\n\n\n<p>El bono tendr\u00e1 car\u00e1cter no remunerativo, no ser\u00e1 objeto de descuentos ni se computar\u00e1 para ning\u00fan otro concepto. En el caso de pensiones compartidas, se considerar\u00e1 a todos los copart\u00edcipes como un \u00fanico titular a los fines del cobro del bono.<\/p>\n","protected":false},"excerpt":{"rendered":"<p>A trav\u00e9s del Decreto 523\/2025, publicado este jueves en el Bolet\u00edn Oficial, el Gobierno confirm\u00f3 el pago de un bono previsional de $70.000 en agosto para jubilados y pensionados que perciban el haber m\u00ednimo. Con esta medida, las jubilaciones m\u00ednimas alcanzar\u00e1n en agosto los $384.305. Esto se debe a que el haber inicial para ese [&hellip;]<\/p>\n","protected":false},"author":9,"featured_media":11865,"comment_status":"closed","ping_status":"open","sticky":false,"template":"","format":"standard","meta":{"tdm_status":"","tdm_grid_status":"","footnotes":""},"categories":[2],"tags":[76,552,218],"class_list":{"0":"post-16541","1":"post","2":"type-post","3":"status-publish","4":"format-standard","5":"has-post-thumbnail","7":"category-economia","8":"tag-aumentos","9":"tag-jubilados","10":"tag-nacionales"},"_links":{"self":[{"href":"https:\/\/www.noticiasmas.com.ar\/index.php\/wp-json\/wp\/v2\/posts\/16541","targetHints":{"allow":["GET"]}}],"collection":[{"href":"https:\/\/www.noticiasmas.com.ar\/index.php\/wp-json\/wp\/v2\/posts"}],"about":[{"href":"https:\/\/www.noticiasmas.com.ar\/index.php\/wp-json\/wp\/v2\/types\/post"}],"author":[{"embeddable":true,"href":"https:\/\/www.noticiasmas.com.ar\/index.php\/wp-json\/wp\/v2\/users\/9"}],"replies":[{"embeddable":true,"href":"https:\/\/www.noticiasmas.com.ar\/index.php\/wp-json\/wp\/v2\/comments?post=16541"}],"version-history":[{"count":1,"href":"https:\/\/www.noticiasmas.com.ar\/index.php\/wp-json\/wp\/v2\/posts\/16541\/revisions"}],"predecessor-version":[{"id":16542,"href":"https:\/\/www.noticiasmas.com.ar\/index.php\/wp-json\/wp\/v2\/posts\/16541\/revisions\/16542"}],"wp:featuredmedia":[{"embeddable":true,"href":"https:\/\/www.noticiasmas.com.ar\/index.php\/wp-json\/wp\/v2\/media\/11865"}],"wp:attachment":[{"href":"https:\/\/www.noticiasmas.com.ar\/index.php\/wp-json\/wp\/v2\/media?parent=16541"}],"wp:term":[{"taxonomy":"category","embeddable":true,"href":"https:\/\/www.noticiasmas.com.ar\/index.php\/wp-json\/wp\/v2\/categories?post=16541"},{"taxonomy":"post_tag","embeddable":true,"href":"https:\/\/www.noticiasmas.com.ar\/index.php\/wp-json\/wp\/v2\/tags?post=16541"}],"curies":[{"name":"wp","href":"https:\/\/api.w.org\/{rel}","templated":true}]}}