{"id":16543,"date":"2025-07-31T09:29:58","date_gmt":"2025-07-31T12:29:58","guid":{"rendered":"https:\/\/www.noticiasmas.com.ar\/?p=16543"},"modified":"2025-07-31T09:30:03","modified_gmt":"2025-07-31T12:30:03","slug":"un-joven-beltranense-robo-100-pollitos-de-un-campo-de-ricardone","status":"publish","type":"post","link":"https:\/\/www.noticiasmas.com.ar\/index.php\/2025\/07\/31\/un-joven-beltranense-robo-100-pollitos-de-un-campo-de-ricardone\/","title":{"rendered":"Un joven beltranense rob\u00f3 100 pollitos de un campo de Ricardone"},"content":{"rendered":"\n<p>Un joven de 21 a\u00f1os de edad fue detenido tras ser involucrado en un robo que tuvo lugar en un campo de la localidad de Ricardone.<\/p>\n\n\n\n<p>Seg\u00fan informaci\u00f3n policial, el robo tuvo lugar en la \u201cEstancia Catagno\u201d, en donde los propietarios de la misma denunciaron que vieron a un hombre robando en el interior del lugar.&nbsp;<\/p>\n\n\n\n<p>All\u00ed los propietarios dieron cuenta que el involucrado se hab\u00eda llevado animales. Con los datos aportados, la polic\u00eda dio con un joven de Fray Luis Beltr\u00e1n, quien qued\u00f3 detenido por la zona.<\/p>\n\n\n\n<p>El joven cargaba consigo unos 100 pollitos, los cuales fueron retenidos y devueltos a su campo.&nbsp;<\/p>\n","protected":false},"excerpt":{"rendered":"<p>Un joven de 21 a\u00f1os de edad fue detenido tras ser involucrado en un robo que tuvo lugar en un campo de la localidad de Ricardone. Seg\u00fan informaci\u00f3n policial, el robo tuvo lugar en la \u201cEstancia Catagno\u201d, en donde los propietarios de la misma denunciaron que vieron a un hombre robando en el interior del [&hellip;]<\/p>\n","protected":false},"author":9,"featured_media":16544,"comment_status":"closed","ping_status":"open","sticky":false,"template":"","format":"standard","meta":{"tdm_status":"","tdm_grid_status":"","footnotes":""},"categories":[9],"tags":[693,541],"class_list":{"0":"post-16543","1":"post","2":"type-post","3":"status-publish","4":"format-standard","5":"has-post-thumbnail","7":"category-policiales","8":"tag-campo","9":"tag-ricardone"},"_links":{"self":[{"href":"https:\/\/www.noticiasmas.com.ar\/index.php\/wp-json\/wp\/v2\/posts\/16543","targetHints":{"allow":["GET"]}}],"collection":[{"href":"https:\/\/www.noticiasmas.com.ar\/index.php\/wp-json\/wp\/v2\/posts"}],"about":[{"href":"https:\/\/www.noticiasmas.com.ar\/index.php\/wp-json\/wp\/v2\/types\/post"}],"author":[{"embeddable":true,"href":"https:\/\/www.noticiasmas.com.ar\/index.php\/wp-json\/wp\/v2\/users\/9"}],"replies":[{"embeddable":true,"href":"https:\/\/www.noticiasmas.com.ar\/index.php\/wp-json\/wp\/v2\/comments?post=16543"}],"version-history":[{"count":1,"href":"https:\/\/www.noticiasmas.com.ar\/index.php\/wp-json\/wp\/v2\/posts\/16543\/revisions"}],"predecessor-version":[{"id":16545,"href":"https:\/\/www.noticiasmas.com.ar\/index.php\/wp-json\/wp\/v2\/posts\/16543\/revisions\/16545"}],"wp:featuredmedia":[{"embeddable":true,"href":"https:\/\/www.noticiasmas.com.ar\/index.php\/wp-json\/wp\/v2\/media\/16544"}],"wp:attachment":[{"href":"https:\/\/www.noticiasmas.com.ar\/index.php\/wp-json\/wp\/v2\/media?parent=16543"}],"wp:term":[{"taxonomy":"category","embeddable":true,"href":"https:\/\/www.noticiasmas.com.ar\/index.php\/wp-json\/wp\/v2\/categories?post=16543"},{"taxonomy":"post_tag","embeddable":true,"href":"https:\/\/www.noticiasmas.com.ar\/index.php\/wp-json\/wp\/v2\/tags?post=16543"}],"curies":[{"name":"wp","href":"https:\/\/api.w.org\/{rel}","templated":true}]}}