{"id":16583,"date":"2025-08-01T18:43:19","date_gmt":"2025-08-01T21:43:19","guid":{"rendered":"https:\/\/www.noticiasmas.com.ar\/?p=16583"},"modified":"2025-08-01T18:43:23","modified_gmt":"2025-08-01T21:43:23","slug":"sindicatos-y-organizaciones-sociales-organizan-movilizacion-el-7-de-agosto-dia-de-san-cayetano","status":"publish","type":"post","link":"https:\/\/www.noticiasmas.com.ar\/index.php\/2025\/08\/01\/sindicatos-y-organizaciones-sociales-organizan-movilizacion-el-7-de-agosto-dia-de-san-cayetano\/","title":{"rendered":"SINDICATOS Y ORGANIZACIONES SOCIALES ORGANIZAN MOVILIZACI\u00d3N EL 7 DE AGOSTO \u201cDIA DE SAN CAYETANO\u201d"},"content":{"rendered":"\n<p>Sindicatos Locales nucleados en la Confederaci\u00f3n Argentina de Trabajadores del Transporte (CATT) junto a organizaciones sociales vienen organizando una movilizaci\u00f3n en el marco del 7 de agosto, d\u00eda que se celebra el D\u00eda de San Cayetano, patrono del pan y del trabajo. Se sumar\u00e1n organizaciones estudiantes y de jubilados bajo el lema Paz, Pan, Tierra, Techo y Trabajo. Habr\u00e1 Ollas Populares y Bendici\u00f3n del Arzobispo de Rosario.<\/p>\n\n\n\n<p>En tal marco gremios de transporte de la ciudad (Dragado y Balizamiento, Recolectores, Camioneros alineados a Hugo Moyano, Mar\u00edtimos -Siconara-, entre otros) junto a la UTEP, CCC, Movimiento Evita ya han dado un paso importante al reunirse recientemente con el Arzobispo de Rosario, monse\u00f1or Eduardo Mart\u00edn, donde el religioso comprometi\u00f3 el acompa\u00f1amiento de la Iglesia al paso de la marcha que se viene organizando en su paso por la parroquia de San Cayetano. Adem\u00e1s, el arzobispo garantiz\u00f3 la bendici\u00f3n de las ollas populares que cocinaran en dicha jornada en la Plaza lindante con el Concejo y el Monumento a la Bandera.<\/p>\n\n\n\n<p>\u201cEn un di\u00e1logo muy cordial, se intercambiaron opiniones y experiencias relacionadas con la dif\u00edcil situaci\u00f3n social y laboral\u201d, emitieron en un comunicado desde la CATT y las organizaciones sociales<\/p>\n\n\n\n<p>MARCHA<\/p>\n\n\n\n<p>Por lo pronto de la movilizaci\u00f3n del 7 de agosto bajo el lema: Paz, Pan, Tierra, Techo y Trabajo se congregar\u00e1 desde las 8.30 de ese d\u00eda jueves en la Plaza del Che Guevara ( a pasos de la Av 27 de febrero y calle Laprida) y su destino ser\u00e1 el Monumento a la Bandera.<\/p>\n\n\n\n<p>En su recorrido har\u00e1 un parate frente a la parroquia San Cayetano ( Buenos Aires al 2100)<\/p>\n","protected":false},"excerpt":{"rendered":"<p>Sindicatos Locales nucleados en la Confederaci\u00f3n Argentina de Trabajadores del Transporte (CATT) junto a organizaciones sociales vienen organizando una movilizaci\u00f3n en el marco del 7 de agosto, d\u00eda que se celebra el D\u00eda de San Cayetano, patrono del pan y del trabajo. Se sumar\u00e1n organizaciones estudiantes y de jubilados bajo el lema Paz, Pan, Tierra, [&hellip;]<\/p>\n","protected":false},"author":5,"featured_media":16584,"comment_status":"closed","ping_status":"open","sticky":false,"template":"","format":"standard","meta":{"tdm_status":"","tdm_grid_status":"","footnotes":""},"categories":[13],"tags":[617,898,4953,163,4952],"class_list":{"0":"post-16583","1":"post","2":"type-post","3":"status-publish","4":"format-standard","5":"has-post-thumbnail","7":"category-region","8":"tag-gremios","9":"tag-movilizacion-2","10":"tag-organizaciones-sociales","11":"tag-rosario","12":"tag-san-cayetano"},"_links":{"self":[{"href":"https:\/\/www.noticiasmas.com.ar\/index.php\/wp-json\/wp\/v2\/posts\/16583","targetHints":{"allow":["GET"]}}],"collection":[{"href":"https:\/\/www.noticiasmas.com.ar\/index.php\/wp-json\/wp\/v2\/posts"}],"about":[{"href":"https:\/\/www.noticiasmas.com.ar\/index.php\/wp-json\/wp\/v2\/types\/post"}],"author":[{"embeddable":true,"href":"https:\/\/www.noticiasmas.com.ar\/index.php\/wp-json\/wp\/v2\/users\/5"}],"replies":[{"embeddable":true,"href":"https:\/\/www.noticiasmas.com.ar\/index.php\/wp-json\/wp\/v2\/comments?post=16583"}],"version-history":[{"count":1,"href":"https:\/\/www.noticiasmas.com.ar\/index.php\/wp-json\/wp\/v2\/posts\/16583\/revisions"}],"predecessor-version":[{"id":16585,"href":"https:\/\/www.noticiasmas.com.ar\/index.php\/wp-json\/wp\/v2\/posts\/16583\/revisions\/16585"}],"wp:featuredmedia":[{"embeddable":true,"href":"https:\/\/www.noticiasmas.com.ar\/index.php\/wp-json\/wp\/v2\/media\/16584"}],"wp:attachment":[{"href":"https:\/\/www.noticiasmas.com.ar\/index.php\/wp-json\/wp\/v2\/media?parent=16583"}],"wp:term":[{"taxonomy":"category","embeddable":true,"href":"https:\/\/www.noticiasmas.com.ar\/index.php\/wp-json\/wp\/v2\/categories?post=16583"},{"taxonomy":"post_tag","embeddable":true,"href":"https:\/\/www.noticiasmas.com.ar\/index.php\/wp-json\/wp\/v2\/tags?post=16583"}],"curies":[{"name":"wp","href":"https:\/\/api.w.org\/{rel}","templated":true}]}}