{"id":16610,"date":"2025-08-02T18:22:18","date_gmt":"2025-08-02T21:22:18","guid":{"rendered":"https:\/\/www.noticiasmas.com.ar\/?p=16610"},"modified":"2025-08-02T18:26:33","modified_gmt":"2025-08-02T21:26:33","slug":"recompensa-de-8-millones-para-quienes-aportes-datos-sobre-el-asesinato-de-francesco-fiorucci","status":"publish","type":"post","link":"https:\/\/www.noticiasmas.com.ar\/index.php\/2025\/08\/02\/recompensa-de-8-millones-para-quienes-aportes-datos-sobre-el-asesinato-de-francesco-fiorucci\/","title":{"rendered":"Recompensa de $8 millones para quienes aporten datos sobre el asesinato de Francesco Fiorucci"},"content":{"rendered":"\n<p>Se solicita la colaboraci\u00f3n de la poblaci\u00f3n para dar con personas que puedan aportar datos \u00fatiles en relaci\u00f3n al homicidio de Francesco Giovani Fiorucci. El hecho ocurri\u00f3 en fecha 1\/3\/23 a las 22.30hs aproximadamente en calle \u00c1lamos al 1800 de San Lorenzo, cuando traslad\u00e1ndose a bordo de un autom\u00f3vil Chevrolet Corsa, con al menos 2 personas y efect\u00faan al menos 14 disparos contra Francesco Fiorucci. La v\u00edctima falleci\u00f3 por heridas de arma de fuego, al menos dos en su cabeza. Por su parte, Esteban L. fue herido en el abdomen. En el lugar se recolectaron 30 vainas servidas calibre 9 mil\u00edmetros.<\/p>\n\n\n\n<p>Por este hecho, en audiencia del 27\/5\/25, se imput\u00f3 y se dispuso la prisi\u00f3n preventiva para I.G por planificar y haber hecho ejecutar el homicidio.<\/p>\n\n\n\n<p>Se informa que se encuentra vigente recompensa de $8.000.000 (ocho millones de pesos) para aquellas personas que aporten datos \u00fatiles, relevantes y decisivos para dar con los involucrados en el homicidio. Por su parte la identidad de aquellas personas que brinden informaci\u00f3n ser\u00e1 preservada durante y despu\u00e9s de finalizada la investigaci\u00f3n.<\/p>\n\n\n\n<p>Todo aquel que pueda aportar datos tendr\u00e1 la reserva del caso y puede comunicarse al 911, al mail\u00a0<a href=\"mailto:recompensas@mpa.santafe.gov.ar\">recompensas@mpa.santafe.gov.ar<\/a>, a las redes sociales de Fiscal\u00eda Regional 2, presentarse en el Centro de Justicia, sita en calle Sarmiento 2850 de Rosario; como as\u00ed tambi\u00e9n en cualquier sede de Fiscal\u00edas Regionales de la Provincia de Santa Fe (Fiscal\u00eda Ciudad de Santa Fe sita en Av. General E. L\u00f3pez N\u00b03302, Fiscal\u00eda en Venado Tuerto, sita en calle Alvear N\u00b0675, Fiscal\u00eda en Reconquista, sita en calle Iriondo N\u00b0553, Fiscal\u00eda en Rafaela, sita en calle Necochea N\u00b044).<\/p>\n\n\n<div class=\"wp-block-image\">\n<figure class=\"aligncenter size-large is-resized\"><img loading=\"lazy\" decoding=\"async\" width=\"819\" height=\"1024\" src=\"https:\/\/www.noticiasmas.com.ar\/wp-content\/uploads\/2025\/08\/WhatsApp-Image-2025-08-01-at-14.05.29-819x1024.jpeg\" alt=\"\" class=\"wp-image-16611\" style=\"width:437px;height:auto\" srcset=\"https:\/\/www.noticiasmas.com.ar\/wp-content\/uploads\/2025\/08\/WhatsApp-Image-2025-08-01-at-14.05.29-819x1024.jpeg 819w, https:\/\/www.noticiasmas.com.ar\/wp-content\/uploads\/2025\/08\/WhatsApp-Image-2025-08-01-at-14.05.29-240x300.jpeg 240w, https:\/\/www.noticiasmas.com.ar\/wp-content\/uploads\/2025\/08\/WhatsApp-Image-2025-08-01-at-14.05.29-768x960.jpeg 768w, https:\/\/www.noticiasmas.com.ar\/wp-content\/uploads\/2025\/08\/WhatsApp-Image-2025-08-01-at-14.05.29-150x188.jpeg 150w, https:\/\/www.noticiasmas.com.ar\/wp-content\/uploads\/2025\/08\/WhatsApp-Image-2025-08-01-at-14.05.29-300x375.jpeg 300w, https:\/\/www.noticiasmas.com.ar\/wp-content\/uploads\/2025\/08\/WhatsApp-Image-2025-08-01-at-14.05.29-696x870.jpeg 696w, https:\/\/www.noticiasmas.com.ar\/wp-content\/uploads\/2025\/08\/WhatsApp-Image-2025-08-01-at-14.05.29-1068x1335.jpeg 1068w, https:\/\/www.noticiasmas.com.ar\/wp-content\/uploads\/2025\/08\/WhatsApp-Image-2025-08-01-at-14.05.29.jpeg 1080w\" sizes=\"auto, (max-width: 819px) 100vw, 819px\" \/><\/figure>\n<\/div>","protected":false},"excerpt":{"rendered":"<p>Se solicita la colaboraci\u00f3n de la poblaci\u00f3n para dar con personas que puedan aportar datos \u00fatiles en relaci\u00f3n al homicidio de Francesco Giovani Fiorucci. El hecho ocurri\u00f3 en fecha 1\/3\/23 a las 22.30hs aproximadamente en calle \u00c1lamos al 1800 de San Lorenzo, cuando traslad\u00e1ndose a bordo de un autom\u00f3vil Chevrolet Corsa, con al menos 2 [&hellip;]<\/p>\n","protected":false},"author":3,"featured_media":16613,"comment_status":"closed","ping_status":"open","sticky":false,"template":"","format":"standard","meta":{"tdm_status":"","tdm_grid_status":"","footnotes":""},"categories":[9],"tags":[83,98,966],"class_list":{"0":"post-16610","1":"post","2":"type-post","3":"status-publish","4":"format-standard","5":"has-post-thumbnail","7":"category-policiales","8":"tag-homicidio","9":"tag-judiciales","10":"tag-recompensa"},"_links":{"self":[{"href":"https:\/\/www.noticiasmas.com.ar\/index.php\/wp-json\/wp\/v2\/posts\/16610","targetHints":{"allow":["GET"]}}],"collection":[{"href":"https:\/\/www.noticiasmas.com.ar\/index.php\/wp-json\/wp\/v2\/posts"}],"about":[{"href":"https:\/\/www.noticiasmas.com.ar\/index.php\/wp-json\/wp\/v2\/types\/post"}],"author":[{"embeddable":true,"href":"https:\/\/www.noticiasmas.com.ar\/index.php\/wp-json\/wp\/v2\/users\/3"}],"replies":[{"embeddable":true,"href":"https:\/\/www.noticiasmas.com.ar\/index.php\/wp-json\/wp\/v2\/comments?post=16610"}],"version-history":[{"count":3,"href":"https:\/\/www.noticiasmas.com.ar\/index.php\/wp-json\/wp\/v2\/posts\/16610\/revisions"}],"predecessor-version":[{"id":16615,"href":"https:\/\/www.noticiasmas.com.ar\/index.php\/wp-json\/wp\/v2\/posts\/16610\/revisions\/16615"}],"wp:featuredmedia":[{"embeddable":true,"href":"https:\/\/www.noticiasmas.com.ar\/index.php\/wp-json\/wp\/v2\/media\/16613"}],"wp:attachment":[{"href":"https:\/\/www.noticiasmas.com.ar\/index.php\/wp-json\/wp\/v2\/media?parent=16610"}],"wp:term":[{"taxonomy":"category","embeddable":true,"href":"https:\/\/www.noticiasmas.com.ar\/index.php\/wp-json\/wp\/v2\/categories?post=16610"},{"taxonomy":"post_tag","embeddable":true,"href":"https:\/\/www.noticiasmas.com.ar\/index.php\/wp-json\/wp\/v2\/tags?post=16610"}],"curies":[{"name":"wp","href":"https:\/\/api.w.org\/{rel}","templated":true}]}}