{"id":16650,"date":"2025-08-04T17:02:12","date_gmt":"2025-08-04T20:02:12","guid":{"rendered":"https:\/\/www.noticiasmas.com.ar\/?p=16650"},"modified":"2025-08-04T17:02:16","modified_gmt":"2025-08-04T20:02:16","slug":"el-clasico-rosarino-ya-tiene-fecha-sera-el-sabado-23-de-agosto-en-el-gigante-de-arroyito","status":"publish","type":"post","link":"https:\/\/www.noticiasmas.com.ar\/index.php\/2025\/08\/04\/el-clasico-rosarino-ya-tiene-fecha-sera-el-sabado-23-de-agosto-en-el-gigante-de-arroyito\/","title":{"rendered":"El cl\u00e1sico rosarino ya tiene fecha: ser\u00e1 el s\u00e1bado 23 de agosto en el Gigante de Arroyito"},"content":{"rendered":"\n<p>La Asociaci\u00f3n del F\u00fatbol Argentino (AFA) dio a conocer el cronograma oficial de las fechas 5 y 6 del Torneo Clausura 2025, donde se confirm\u00f3 el d\u00eda y horario del pr\u00f3ximo cl\u00e1sico rosarino. El esperado cruce entre <strong>Rosario Central y Newell\u2019s Old Boys<\/strong> se disputar\u00e1 el <strong>s\u00e1bado 23 de agosto a las 17:30<\/strong> en el <strong>Gigante de Arroyito<\/strong>, por la sexta jornada del campeonato.<\/p>\n\n\n\n<p>Antes del duelo m\u00e1s esperado por los hinchas de la ciudad, ambos equipos tendr\u00e1n compromisos importantes por la quinta fecha. <strong>Rosario Central<\/strong> recibir\u00e1 a <strong>Deportivo Riestra<\/strong> el <strong>s\u00e1bado 16 a las 18:30<\/strong>, mientras que <strong>Newell\u2019s<\/strong> visitar\u00e1 a <strong>Defensa y Justicia<\/strong> el <strong>domingo 17 a las 14:00<\/strong>.<\/p>\n\n\n\n<h3 class=\"wp-block-heading\">Calendario completo de las fechas 5 y 6 del Torneo Clausura 2025<\/h3>\n\n\n\n<h4 class=\"wp-block-heading\"><strong>Fecha 5<\/strong><\/h4>\n\n\n\n<p><strong>Viernes 15 de agosto<\/strong><\/p>\n\n\n\n<ul class=\"wp-block-list\">\n<li>15:30 | Aldosivi \u2013 Belgrano (Zona A)<\/li>\n\n\n\n<li>19:00 | Instituto \u2013 Uni\u00f3n (Interzonal)<\/li>\n\n\n\n<li>21:00 | Racing \u2013 Tigre (Zona A)<\/li>\n<\/ul>\n\n\n\n<p><strong>S\u00e1bado 16 de agosto<\/strong><\/p>\n\n\n\n<ul class=\"wp-block-list\">\n<li>14:15 | Platense \u2013 San Lorenzo (Zona B)<\/li>\n\n\n\n<li>16:15 | Hurac\u00e1n \u2013 Argentinos Jrs. (Zona A)<\/li>\n\n\n\n<li>18:30 | Rosario Central \u2013 Deportivo Riestra (Zona B)<\/li>\n\n\n\n<li>20:30 | V\u00e9lez \u2013 Independiente (Zona B)<\/li>\n<\/ul>\n\n\n\n<p><strong>Domingo 17 de agosto<\/strong><\/p>\n\n\n\n<ul class=\"wp-block-list\">\n<li>14:00 | Gimnasia \u2013 Lan\u00fas (Zona B)<\/li>\n\n\n\n<li>14:00 | Defensa y Justicia \u2013 Newell\u2019s (Zona A)<\/li>\n\n\n\n<li>16:15 | Central C\u00f3rdoba \u2013 Barracas Central (Zona A)<\/li>\n\n\n\n<li>16:15 | Banfield \u2013 Estudiantes (Zona A)<\/li>\n\n\n\n<li>18:30 | River \u2013 Godoy Cruz (Zona B)<\/li>\n\n\n\n<li>20:30 | Independiente Rivadavia \u2013 Boca (Zona A)<\/li>\n<\/ul>\n\n\n\n<p><strong>Lunes 18 de agosto<\/strong><\/p>\n\n\n\n<ul class=\"wp-block-list\">\n<li>19:00 | Sarmiento \u2013 Atl\u00e9tico Tucum\u00e1n (Zona B)<\/li>\n\n\n\n<li>21:00 | Talleres \u2013 San Mart\u00edn (SJ) (Zona B)<\/li>\n<\/ul>\n\n\n\n<h4 class=\"wp-block-heading\"><strong>Fecha 6<\/strong><\/h4>\n\n\n\n<p><strong>Viernes 22 de agosto<\/strong><\/p>\n\n\n\n<ul class=\"wp-block-list\">\n<li>15:30 | Barracas Central \u2013 Defensa y Justicia (Zona A)<\/li>\n\n\n\n<li>20:00 | Tigre \u2013 Independiente Rivadavia (Zona A)<\/li>\n<\/ul>\n\n\n\n<p><strong>S\u00e1bado 23 de agosto<\/strong><\/p>\n\n\n\n<ul class=\"wp-block-list\">\n<li>14:30 | San Lorenzo \u2013 Instituto (Zona B)<\/li>\n\n\n\n<li>17:30 | Rosario Central \u2013 Newell\u2019s (Interzonal)<\/li>\n\n\n\n<li>20:00 | San Mart\u00edn (SJ) \u2013 Gimnasia (Zona B)<\/li>\n\n\n\n<li>20:00 | Atl\u00e9tico Tucum\u00e1n \u2013 Talleres (Zona B)<\/li>\n<\/ul>\n\n\n\n<p><strong>Domingo 24 de agosto<\/strong><\/p>\n\n\n\n<ul class=\"wp-block-list\">\n<li>14:15 | Uni\u00f3n \u2013 Hurac\u00e1n (Zona A)<\/li>\n\n\n\n<li>16:00 | Argentinos Jrs. \u2013 Racing (Zona A)<\/li>\n\n\n\n<li>18:30 | Boca \u2013 Banfield (Zona A)<\/li>\n\n\n\n<li>20:30 | Independiente \u2013 Platense (Zona B)<\/li>\n<\/ul>\n\n\n\n<p><strong>Lunes 25 de agosto<\/strong><\/p>\n\n\n\n<ul class=\"wp-block-list\">\n<li>15:00 | Deportivo Riestra \u2013 Sarmiento (Zona B)<\/li>\n\n\n\n<li>17:00 | Godoy Cruz \u2013 V\u00e9lez (Zona B)<\/li>\n\n\n\n<li>19:00 | Belgrano \u2013 Central C\u00f3rdoba (Zona A)<\/li>\n\n\n\n<li>19:15 | Estudiantes \u2013 Aldosivi (Zona A)<\/li>\n\n\n\n<li>21:15 | Lan\u00fas \u2013 River (Zona B)<\/li>\n<\/ul>\n","protected":false},"excerpt":{"rendered":"<p>La Asociaci\u00f3n del F\u00fatbol Argentino (AFA) dio a conocer el cronograma oficial de las fechas 5 y 6 del Torneo Clausura 2025, donde se confirm\u00f3 el d\u00eda y horario del pr\u00f3ximo cl\u00e1sico rosarino. El esperado cruce entre Rosario Central y Newell\u2019s Old Boys se disputar\u00e1 el s\u00e1bado 23 de agosto a las 17:30 en el [&hellip;]<\/p>\n","protected":false},"author":9,"featured_media":16651,"comment_status":"closed","ping_status":"open","sticky":false,"template":"","format":"standard","meta":{"tdm_status":"","tdm_grid_status":"","footnotes":""},"categories":[10],"tags":[1751,132,95],"class_list":{"0":"post-16650","1":"post","2":"type-post","3":"status-publish","4":"format-standard","5":"has-post-thumbnail","7":"category-deportes","8":"tag-clasico-rosarino","9":"tag-newells","10":"tag-rosario-central"},"_links":{"self":[{"href":"https:\/\/www.noticiasmas.com.ar\/index.php\/wp-json\/wp\/v2\/posts\/16650","targetHints":{"allow":["GET"]}}],"collection":[{"href":"https:\/\/www.noticiasmas.com.ar\/index.php\/wp-json\/wp\/v2\/posts"}],"about":[{"href":"https:\/\/www.noticiasmas.com.ar\/index.php\/wp-json\/wp\/v2\/types\/post"}],"author":[{"embeddable":true,"href":"https:\/\/www.noticiasmas.com.ar\/index.php\/wp-json\/wp\/v2\/users\/9"}],"replies":[{"embeddable":true,"href":"https:\/\/www.noticiasmas.com.ar\/index.php\/wp-json\/wp\/v2\/comments?post=16650"}],"version-history":[{"count":1,"href":"https:\/\/www.noticiasmas.com.ar\/index.php\/wp-json\/wp\/v2\/posts\/16650\/revisions"}],"predecessor-version":[{"id":16652,"href":"https:\/\/www.noticiasmas.com.ar\/index.php\/wp-json\/wp\/v2\/posts\/16650\/revisions\/16652"}],"wp:featuredmedia":[{"embeddable":true,"href":"https:\/\/www.noticiasmas.com.ar\/index.php\/wp-json\/wp\/v2\/media\/16651"}],"wp:attachment":[{"href":"https:\/\/www.noticiasmas.com.ar\/index.php\/wp-json\/wp\/v2\/media?parent=16650"}],"wp:term":[{"taxonomy":"category","embeddable":true,"href":"https:\/\/www.noticiasmas.com.ar\/index.php\/wp-json\/wp\/v2\/categories?post=16650"},{"taxonomy":"post_tag","embeddable":true,"href":"https:\/\/www.noticiasmas.com.ar\/index.php\/wp-json\/wp\/v2\/tags?post=16650"}],"curies":[{"name":"wp","href":"https:\/\/api.w.org\/{rel}","templated":true}]}}