{"id":16677,"date":"2025-08-04T18:31:30","date_gmt":"2025-08-04T21:31:30","guid":{"rendered":"https:\/\/www.noticiasmas.com.ar\/?p=16677"},"modified":"2025-08-04T18:31:34","modified_gmt":"2025-08-04T21:31:34","slug":"en-defensa-de-la-marina-mercante-gremios-maritimos-fluviales-y-pesqueros-se-suman-al-pedido-de-sesion-especial-en-diputados","status":"publish","type":"post","link":"https:\/\/www.noticiasmas.com.ar\/index.php\/2025\/08\/04\/en-defensa-de-la-marina-mercante-gremios-maritimos-fluviales-y-pesqueros-se-suman-al-pedido-de-sesion-especial-en-diputados\/","title":{"rendered":"EN DEFENSA DE LA MARINA MERCANTE: GREMIOS MAR\u00cdTIMOS, FLUVIALES Y PESQUEROS SE SUMAN AL PEDIDO DE SESI\u00d3N ESPECIAL EN DIPUTADOS"},"content":{"rendered":"\n<p>Los gremios mar\u00edtimos, fluviales y pesqueros se suman al pedido de una sesi\u00f3n especial en la C\u00e1mara de Diputados para este mi\u00e9rcoles, en la que se buscar\u00e1 tratar el Decreto de Necesidad y Urgencia 340\/25, que desregula la actividad en aguas argentinas.<\/p>\n\n\n\n<p>La convocatoria, impulsada por diversos bloques opositores, incluye tambi\u00e9n proyectos sobre financiamiento universitario y fondos para el Hospital Garrahan.<\/p>\n\n\n\n<p>Aunque el decreto fue suspendido preventivamente por la Justicia laboral, los trabajadores advierten que no es suficiente y exigen su nulidad definitiva por parte del Congreso.<\/p>\n\n\n\n<p>En ese marco, se espera una importante presencia de trabajadores frente al Congreso, en se\u00f1al de respaldo a la iniciativa parlamentaria.<\/p>\n\n\n\n<p>&#8220;La postura de la Justicia sobre la inconstitucionalidad del DNU 340\/25 deber\u00eda ser un llamado de atenci\u00f3n para los diputados y diputadas que votaron los superpoderes a Javier Milei&#8221;, sostuvo el Capit\u00e1n Mariano Moreno, secretario general del Centro de Patrones y Oficiales Fluviales, de Pesca y de Cabotaje Mar\u00edtimo y representante de la ITF para el sector fluvial argentino.<\/p>\n\n\n\n<p>&#8220;La suspensi\u00f3n preventiva no garantiza ni la seguridad laboral ni que el Gobierno no vuelva a intentar desmantelar la actividad mar\u00edtima, fluvial y pesquera. Por eso, como trabajadores, como argentinos y como votantes, les exigimos que este mi\u00e9rcoles se sienten a dar qu\u00f3rum y dicten la nulidad del R\u00e9gimen de Exenci\u00f3n de la Marina Mercante&#8221;, agreg\u00f3 el dirigente.<\/p>\n\n\n\n<p>La convocatoria a la sesi\u00f3n fue impulsada por los jefes de bloque Germ\u00e1n Mart\u00ednez (Uni\u00f3n por la Patria), Pablo Juliano (Democracia para Siempre), junto a los diputados Nicol\u00e1s Massot y Emilio Monz\u00f3 (Encuentro Federal), Maximiliano Ferraro (Coalici\u00f3n C\u00edvica), Sergio Acevedo (Santa Cruz), entre otros, generando expectativa de alcanzar el n\u00famero necesario para abrir el debate.<\/p>\n\n\n\n<p>Los gremios remarcaron que el DNU 340\/25 implica una entrega de soberan\u00eda al habilitar banderas extranjeras en el cabotaje nacional, destruye condiciones laborales, habilita la competencia desleal sin convenios colectivos y pone en riesgo la seguridad en la navegaci\u00f3n.<\/p>\n\n\n\n<p>&#8220;No estamos discutiendo una reforma t\u00e9cnica. Estamos defendiendo los puestos de trabajo, la soberan\u00eda sobre nuestros r\u00edos y mares y el futuro de una Marina Mercante nacional que a\u00fan podemos recuperar&#8221;, concluy\u00f3 Moreno.<\/p>\n","protected":false},"excerpt":{"rendered":"<p>Los gremios mar\u00edtimos, fluviales y pesqueros se suman al pedido de una sesi\u00f3n especial en la C\u00e1mara de Diputados para este mi\u00e9rcoles, en la que se buscar\u00e1 tratar el Decreto de Necesidad y Urgencia 340\/25, que desregula la actividad en aguas argentinas. La convocatoria, impulsada por diversos bloques opositores, incluye tambi\u00e9n proyectos sobre financiamiento universitario [&hellip;]<\/p>\n","protected":false},"author":5,"featured_media":16678,"comment_status":"closed","ping_status":"open","sticky":false,"template":"","format":"standard","meta":{"tdm_status":"","tdm_grid_status":"","footnotes":""},"categories":[1],"tags":[324,4521,1064,226,4308],"class_list":{"0":"post-16677","1":"post","2":"type-post","3":"status-publish","4":"format-standard","5":"has-post-thumbnail","7":"category-nacionales","8":"tag-argentina","9":"tag-decreto-340-2025","10":"tag-diputados","11":"tag-gremiales","12":"tag-marina-mercante"},"_links":{"self":[{"href":"https:\/\/www.noticiasmas.com.ar\/index.php\/wp-json\/wp\/v2\/posts\/16677","targetHints":{"allow":["GET"]}}],"collection":[{"href":"https:\/\/www.noticiasmas.com.ar\/index.php\/wp-json\/wp\/v2\/posts"}],"about":[{"href":"https:\/\/www.noticiasmas.com.ar\/index.php\/wp-json\/wp\/v2\/types\/post"}],"author":[{"embeddable":true,"href":"https:\/\/www.noticiasmas.com.ar\/index.php\/wp-json\/wp\/v2\/users\/5"}],"replies":[{"embeddable":true,"href":"https:\/\/www.noticiasmas.com.ar\/index.php\/wp-json\/wp\/v2\/comments?post=16677"}],"version-history":[{"count":1,"href":"https:\/\/www.noticiasmas.com.ar\/index.php\/wp-json\/wp\/v2\/posts\/16677\/revisions"}],"predecessor-version":[{"id":16679,"href":"https:\/\/www.noticiasmas.com.ar\/index.php\/wp-json\/wp\/v2\/posts\/16677\/revisions\/16679"}],"wp:featuredmedia":[{"embeddable":true,"href":"https:\/\/www.noticiasmas.com.ar\/index.php\/wp-json\/wp\/v2\/media\/16678"}],"wp:attachment":[{"href":"https:\/\/www.noticiasmas.com.ar\/index.php\/wp-json\/wp\/v2\/media?parent=16677"}],"wp:term":[{"taxonomy":"category","embeddable":true,"href":"https:\/\/www.noticiasmas.com.ar\/index.php\/wp-json\/wp\/v2\/categories?post=16677"},{"taxonomy":"post_tag","embeddable":true,"href":"https:\/\/www.noticiasmas.com.ar\/index.php\/wp-json\/wp\/v2\/tags?post=16677"}],"curies":[{"name":"wp","href":"https:\/\/api.w.org\/{rel}","templated":true}]}}