{"id":16683,"date":"2025-08-04T19:08:19","date_gmt":"2025-08-04T22:08:19","guid":{"rendered":"https:\/\/www.noticiasmas.com.ar\/?p=16683"},"modified":"2025-08-04T19:08:22","modified_gmt":"2025-08-04T22:08:22","slug":"presencia-de-festram-en-la-audiencia-publica-sobre-la-reforma-constitucional-en-rosario","status":"publish","type":"post","link":"https:\/\/www.noticiasmas.com.ar\/index.php\/2025\/08\/04\/presencia-de-festram-en-la-audiencia-publica-sobre-la-reforma-constitucional-en-rosario\/","title":{"rendered":"PRESENCIA DE FESTRAM EN LA AUDIENCIA PUBLICA SOBRE LA REFORMA CONSTITUCIONAL EN ROSARIO"},"content":{"rendered":"\n<p>El pasado viernes 1 de Agosto se realiz\u00f3 la primera de las tres audiencias p\u00fablicas de la Comisi\u00f3n de \u201cR\u00e9gimen Municipal, derecho a la ciudad y ordenamiento territorial\u201d en la ciudad de Rosario. Las pr\u00f3ximas se efectivizar\u00e1n el viernes 8 del corriente en Reconquista y a la semana siguiente en la capital de nuestra Provincia.<\/p>\n\n\n\n<p>Tuvo participaci\u00f3n de la Federaci\u00f3n de Trabajadores Municipales de Santa Fe (FESTRAM),. La entidad gremial mediante un comunicado se\u00f1al\u00f3 \u201ccomo un hecho auspicioso y saludable para la participaci\u00f3n ciudadana la efectivizaci\u00f3n de estos espacios donde las instituciones pueden dar a conocer sus opiniones y propuestas\u201d.<\/p>\n\n\n\n<p>FESTRAM estuvo representado por Diego Di \u00c1ngelis y Mar\u00eda Bel\u00e9n Guti\u00e9rrez, \u201cambos de nuestro Secretariado\u201d. \u201cEl primero de los nombrados fue el informante y quien plante\u00f3 los reparos que tenemos en distintos aspectos sobre el tratamiento que se est\u00e1 dando a la Autonom\u00eda Municipal y las contradicciones en que caen diferentes fuerzas pol\u00edticas representadas en la Convenci\u00f3n Constituyente al entrar en materia. All\u00ed se\u00f1alamos que no estaba claro a cuantos municipios como comunas involucraba la autonom\u00eda, ya que, seg\u00fan algunos proyectos, el n\u00famero no ser\u00eda mayor a nueve (9) ciudades, dejando sin clarificar y sin una sola propuesta con respecto al resto; es decir 356 poblaciones en todo el territorio santafesino\u201d, coment\u00f3 el parte gremial<\/p>\n\n\n\n<p>\u201cA su vez se hizo especial hincapi\u00e9 en la gravedad de lo que significaba el hecho de que se hablara de derecho a la ciudad, ordenamiento territorial y autonom\u00eda, sin hacer menci\u00f3n a los trabajadores y trabajadoras municipales que son el recurso humano con el cual se sostienen y deber\u00e1n sostener todas las pol\u00edticas y las decisiones que la nueva Constituci\u00f3n incorpore. Esto tambi\u00e9n amerita un debate serio y profundo sobre la coparticipaci\u00f3n, dato al cual muchos hacen referencia someramente, sin poner cifras concretas, y porcentajes precisos a los planteos que se formulan y que tal como est\u00e1n formuladas las iniciativas en este aspecto, es la Provincia la que seguir\u00e1 concentrando el manejo de los recursos p\u00fablicos, no habiendo una iniciativa en relaci\u00f3n a una posible gesti\u00f3n conjunta entre la misma y los gobiernos locales\u201d, agreg\u00f3<\/p>\n\n\n\n<p>Por \u00faltimo, \u201cse dej\u00f3 en claro la necesidad del respeto a los derechos y leyes ya conquistados por el conjunto de los y las trabajadoras municipales de Santa Fe que deben estar presentes en la Carta Magna a aprobarse, garantizando entre otras cuestiones, que en toda la Provincia sus trabajadores y trabajadoras deben recibir el mismo salario por igual tarea\u201d, exigieron desde Festram .<\/p>\n\n\n\n<p>\u201cDeseamos advertir que el tiempo de tres (3) minutos destinados a exponer propuestas (y no s\u00f3lo hacer declamaciones o frases hechas como ocurriera en esta primera Audiencia en varios casos) es exiguo y ameritar\u00eda una revisi\u00f3n para las otras dos instancias futuras\u201d, puntualiz\u00f3 la entidad gremial .<\/p>\n\n\n\n<p>\u201cResaltamos, tambi\u00e9n, la actitud de varios Presidentes Comunales del sur de la Provincia, que hicieron observaciones concretas sobre distintos aspectos de la Autonom\u00eda y las caracter\u00edsticas de la misma, ejemplificada en alguna expresi\u00f3n que hizo referencia al hecho que se ven\u00eda produciendo desde hace a\u00f1os de autoridades ejecutivas provinciales que constru\u00edan dispensarios, pero despu\u00e9s dichas comunas deb\u00edan hacerse cargo del personal, insumos y funcionamiento general de los mismos\u201d, continu\u00f3.<\/p>\n\n\n\n<p>FESTRAM \u201cseguir\u00e1, finalmente, expresando en cada audiencia sus opiniones al respecto, defendiendo los derechos y conquistas alcanzados y no permitiendo que en la letra de la misma quede avalado un tratamiento desigual para nuestros compa\u00f1eros y compa\u00f1eras a partir de los alcances que se pretendan implementar entre localidades grandes y peque\u00f1as en lo financiero y en lo espec\u00edficamente laboral\u201d, completaron los municipales.<\/p>\n","protected":false},"excerpt":{"rendered":"<p>El pasado viernes 1 de Agosto se realiz\u00f3 la primera de las tres audiencias p\u00fablicas de la Comisi\u00f3n de \u201cR\u00e9gimen Municipal, derecho a la ciudad y ordenamiento territorial\u201d en la ciudad de Rosario. Las pr\u00f3ximas se efectivizar\u00e1n el viernes 8 del corriente en Reconquista y a la semana siguiente en la capital de nuestra Provincia. [&hellip;]<\/p>\n","protected":false},"author":5,"featured_media":16684,"comment_status":"closed","ping_status":"open","sticky":false,"template":"","format":"standard","meta":{"tdm_status":"","tdm_grid_status":"","footnotes":""},"categories":[14],"tags":[4979,2988,1721,18],"class_list":{"0":"post-16683","1":"post","2":"type-post","3":"status-publish","4":"format-standard","5":"has-post-thumbnail","7":"category-provinciales","8":"tag-comision-de-regimen-municipal","9":"tag-convencion-constituyente","10":"tag-festram","11":"tag-santa-fe"},"_links":{"self":[{"href":"https:\/\/www.noticiasmas.com.ar\/index.php\/wp-json\/wp\/v2\/posts\/16683","targetHints":{"allow":["GET"]}}],"collection":[{"href":"https:\/\/www.noticiasmas.com.ar\/index.php\/wp-json\/wp\/v2\/posts"}],"about":[{"href":"https:\/\/www.noticiasmas.com.ar\/index.php\/wp-json\/wp\/v2\/types\/post"}],"author":[{"embeddable":true,"href":"https:\/\/www.noticiasmas.com.ar\/index.php\/wp-json\/wp\/v2\/users\/5"}],"replies":[{"embeddable":true,"href":"https:\/\/www.noticiasmas.com.ar\/index.php\/wp-json\/wp\/v2\/comments?post=16683"}],"version-history":[{"count":1,"href":"https:\/\/www.noticiasmas.com.ar\/index.php\/wp-json\/wp\/v2\/posts\/16683\/revisions"}],"predecessor-version":[{"id":16685,"href":"https:\/\/www.noticiasmas.com.ar\/index.php\/wp-json\/wp\/v2\/posts\/16683\/revisions\/16685"}],"wp:featuredmedia":[{"embeddable":true,"href":"https:\/\/www.noticiasmas.com.ar\/index.php\/wp-json\/wp\/v2\/media\/16684"}],"wp:attachment":[{"href":"https:\/\/www.noticiasmas.com.ar\/index.php\/wp-json\/wp\/v2\/media?parent=16683"}],"wp:term":[{"taxonomy":"category","embeddable":true,"href":"https:\/\/www.noticiasmas.com.ar\/index.php\/wp-json\/wp\/v2\/categories?post=16683"},{"taxonomy":"post_tag","embeddable":true,"href":"https:\/\/www.noticiasmas.com.ar\/index.php\/wp-json\/wp\/v2\/tags?post=16683"}],"curies":[{"name":"wp","href":"https:\/\/api.w.org\/{rel}","templated":true}]}}