{"id":16693,"date":"2025-08-05T09:05:09","date_gmt":"2025-08-05T12:05:09","guid":{"rendered":"https:\/\/www.noticiasmas.com.ar\/?p=16693"},"modified":"2025-08-05T09:05:13","modified_gmt":"2025-08-05T12:05:13","slug":"newells-jugara-en-salta-buscando-alcanzar-su-mejor-participacion-en-la-copa-argentina","status":"publish","type":"post","link":"https:\/\/www.noticiasmas.com.ar\/index.php\/2025\/08\/05\/newells-jugara-en-salta-buscando-alcanzar-su-mejor-participacion-en-la-copa-argentina\/","title":{"rendered":"Newell\u2019s jugar\u00e1 en Salta buscando alcanzar su mejor participaci\u00f3n en la Copa Argentina"},"content":{"rendered":"\n<p>Newell\u2019s Old Boys jugar\u00e1 contra Atl\u00e9tico Tucuman, por los octavos de final de la Copa Argentina, el pr\u00f3ximo mi\u00e9rcoles 13 de agosto en el Estadio Padre Martearena de Salta a las 19:30.<\/p>\n\n\n\n<p>La lepra ya conoce la sede del encuentro copero, la cual por distancia y ajustado calendario ser\u00e1 un reto extra para el plantel del Ogro Fabbiani, el cual acumular\u00e1 un agosto bien cargado de compromisos futbol\u00edsticos donde todo desembocar\u00e1 en el deseo y la necesidad del grupo de sacar un resultado favorable en el cl\u00e1sico rosarino del 23.&nbsp;<\/p>\n\n\n\n<p>Pero antes, la lepra tendr\u00e1 que medirse frente a los tucumanos en busca de alcanzar los cuartos de final, instancia que fue su mejor participaci\u00f3n hist\u00f3rica en la edici\u00f3n de 2018, cuando cay\u00f3 en el cl\u00e1sico sin p\u00fablico en cancha de Arsenal por 2 a 1.&nbsp;<\/p>\n\n\n\n<p>Previo al encuentro por Copa, Newell\u2019s recibir\u00e1 el viernes a Central C\u00f3rdoba de Santiago del Estero, el duro equipo mesopot\u00e1mico que siempre presenta batalla frente a la lepra.&nbsp;<\/p>\n\n\n\n<p>Tras eso, fin de semana de descanso breve y a preparar el encuentro y la log\u00edstica para viajar al norte del pa\u00eds en busca de un objetivo que habitualmente le es esquivo al rojinegro, pero que ante una demanda de resultados futbol\u00edsticos se vuelve un reto colectivo de suma importancia para el club.&nbsp;<\/p>\n","protected":false},"excerpt":{"rendered":"<p>Newell\u2019s Old Boys jugar\u00e1 contra Atl\u00e9tico Tucuman, por los octavos de final de la Copa Argentina, el pr\u00f3ximo mi\u00e9rcoles 13 de agosto en el Estadio Padre Martearena de Salta a las 19:30. La lepra ya conoce la sede del encuentro copero, la cual por distancia y ajustado calendario ser\u00e1 un reto extra para el plantel [&hellip;]<\/p>\n","protected":false},"author":9,"featured_media":16694,"comment_status":"closed","ping_status":"open","sticky":false,"template":"","format":"standard","meta":{"tdm_status":"","tdm_grid_status":"","footnotes":""},"categories":[10],"tags":[495,46,132,229],"class_list":{"0":"post-16693","1":"post","2":"type-post","3":"status-publish","4":"format-standard","5":"has-post-thumbnail","7":"category-deportes","8":"tag-copa-argentina","9":"tag-futbol","10":"tag-newells","11":"tag-salta"},"_links":{"self":[{"href":"https:\/\/www.noticiasmas.com.ar\/index.php\/wp-json\/wp\/v2\/posts\/16693","targetHints":{"allow":["GET"]}}],"collection":[{"href":"https:\/\/www.noticiasmas.com.ar\/index.php\/wp-json\/wp\/v2\/posts"}],"about":[{"href":"https:\/\/www.noticiasmas.com.ar\/index.php\/wp-json\/wp\/v2\/types\/post"}],"author":[{"embeddable":true,"href":"https:\/\/www.noticiasmas.com.ar\/index.php\/wp-json\/wp\/v2\/users\/9"}],"replies":[{"embeddable":true,"href":"https:\/\/www.noticiasmas.com.ar\/index.php\/wp-json\/wp\/v2\/comments?post=16693"}],"version-history":[{"count":1,"href":"https:\/\/www.noticiasmas.com.ar\/index.php\/wp-json\/wp\/v2\/posts\/16693\/revisions"}],"predecessor-version":[{"id":16695,"href":"https:\/\/www.noticiasmas.com.ar\/index.php\/wp-json\/wp\/v2\/posts\/16693\/revisions\/16695"}],"wp:featuredmedia":[{"embeddable":true,"href":"https:\/\/www.noticiasmas.com.ar\/index.php\/wp-json\/wp\/v2\/media\/16694"}],"wp:attachment":[{"href":"https:\/\/www.noticiasmas.com.ar\/index.php\/wp-json\/wp\/v2\/media?parent=16693"}],"wp:term":[{"taxonomy":"category","embeddable":true,"href":"https:\/\/www.noticiasmas.com.ar\/index.php\/wp-json\/wp\/v2\/categories?post=16693"},{"taxonomy":"post_tag","embeddable":true,"href":"https:\/\/www.noticiasmas.com.ar\/index.php\/wp-json\/wp\/v2\/tags?post=16693"}],"curies":[{"name":"wp","href":"https:\/\/api.w.org\/{rel}","templated":true}]}}