{"id":16716,"date":"2025-08-05T15:03:43","date_gmt":"2025-08-05T18:03:43","guid":{"rendered":"https:\/\/www.noticiasmas.com.ar\/?p=16716"},"modified":"2025-08-05T15:03:47","modified_gmt":"2025-08-05T18:03:47","slug":"gobierno-y-estatales-salieron-sin-acuerdo-de-la-segunda-mesa-paritaria","status":"publish","type":"post","link":"https:\/\/www.noticiasmas.com.ar\/index.php\/2025\/08\/05\/gobierno-y-estatales-salieron-sin-acuerdo-de-la-segunda-mesa-paritaria\/","title":{"rendered":"Gobierno y estatales salieron sin acuerdo de la segunda mesa paritaria"},"content":{"rendered":"\n<p>La segunda reuni\u00f3n paritaria de este martes en Santa Fe tuvo un cierre desalentador. Los gremios se fueron sin una oferta concreta, y la negociaci\u00f3n pas\u00f3 a otro cuarto intermedio al no arribar a ning\u00fan consenso sobre una recomposici\u00f3n salarial.<\/p>\n\n\n\n<p>Mientras que el ministro de Econom\u00eda provincial, Pablo Olivares, se manifest\u00f3 dispuesto a firmar una actualizaci\u00f3n que permita &#8220;recomponer hacia adelante el poder adquisitivo de los trabajadores&#8221;, el secretario general de la Uni\u00f3n Personal Civil de la Naci\u00f3n (UPCN), Jorge Molina, se mostr\u00f3 en cautelosa sinton\u00eda al expresar que &#8220;somos optimistas&#8221;, cuando se retiraba de la Casa de Gobierno, a la espera del 11 de agosto, fecha dispuesta para el pr\u00f3ximo encuentro.<\/p>\n\n\n\n<p>Olivares reconoci\u00f3 que el gobierno quiere presentar una oferta &#8220;pagable\u201d ante UPCN y la Asociaci\u00f3n de Trabajadores del Estado (ATE). El plan consiste en actualizar los haberes desde julio. &#8220;Si hay algo que no est\u00e1 en juego, es que el paso del tiempo no ir\u00e1 en detrimento de saltear ning\u00fan mes\u201d, afirm\u00f3 en cuanto al plazo de negociaci\u00f3n con los sindicatos.<\/p>\n\n\n\n<p>Esta situaci\u00f3n de ausencia de propuesta de incremento salarial desalent\u00f3 tambi\u00e9n a los referentes de los gremios docentes de Amsaf\u00e9 y Sadop, quienes mantendr\u00e1n su encuentro con las autoridades provinciales el martes por la tarde.<\/p>\n","protected":false},"excerpt":{"rendered":"<p>La segunda reuni\u00f3n paritaria de este martes en Santa Fe tuvo un cierre desalentador. Los gremios se fueron sin una oferta concreta, y la negociaci\u00f3n pas\u00f3 a otro cuarto intermedio al no arribar a ning\u00fan consenso sobre una recomposici\u00f3n salarial. Mientras que el ministro de Econom\u00eda provincial, Pablo Olivares, se manifest\u00f3 dispuesto a firmar una [&hellip;]<\/p>\n","protected":false},"author":8,"featured_media":16717,"comment_status":"closed","ping_status":"open","sticky":false,"template":"","format":"standard","meta":{"tdm_status":"","tdm_grid_status":"","footnotes":""},"categories":[8],"tags":[897,551,4989,3974],"class_list":{"0":"post-16716","1":"post","2":"type-post","3":"status-publish","4":"format-standard","5":"has-post-thumbnail","7":"category-politica","8":"tag-ate","9":"tag-estatales","10":"tag-paritrias","11":"tag-upcn"},"_links":{"self":[{"href":"https:\/\/www.noticiasmas.com.ar\/index.php\/wp-json\/wp\/v2\/posts\/16716","targetHints":{"allow":["GET"]}}],"collection":[{"href":"https:\/\/www.noticiasmas.com.ar\/index.php\/wp-json\/wp\/v2\/posts"}],"about":[{"href":"https:\/\/www.noticiasmas.com.ar\/index.php\/wp-json\/wp\/v2\/types\/post"}],"author":[{"embeddable":true,"href":"https:\/\/www.noticiasmas.com.ar\/index.php\/wp-json\/wp\/v2\/users\/8"}],"replies":[{"embeddable":true,"href":"https:\/\/www.noticiasmas.com.ar\/index.php\/wp-json\/wp\/v2\/comments?post=16716"}],"version-history":[{"count":1,"href":"https:\/\/www.noticiasmas.com.ar\/index.php\/wp-json\/wp\/v2\/posts\/16716\/revisions"}],"predecessor-version":[{"id":16718,"href":"https:\/\/www.noticiasmas.com.ar\/index.php\/wp-json\/wp\/v2\/posts\/16716\/revisions\/16718"}],"wp:featuredmedia":[{"embeddable":true,"href":"https:\/\/www.noticiasmas.com.ar\/index.php\/wp-json\/wp\/v2\/media\/16717"}],"wp:attachment":[{"href":"https:\/\/www.noticiasmas.com.ar\/index.php\/wp-json\/wp\/v2\/media?parent=16716"}],"wp:term":[{"taxonomy":"category","embeddable":true,"href":"https:\/\/www.noticiasmas.com.ar\/index.php\/wp-json\/wp\/v2\/categories?post=16716"},{"taxonomy":"post_tag","embeddable":true,"href":"https:\/\/www.noticiasmas.com.ar\/index.php\/wp-json\/wp\/v2\/tags?post=16716"}],"curies":[{"name":"wp","href":"https:\/\/api.w.org\/{rel}","templated":true}]}}