{"id":16746,"date":"2025-08-06T09:54:10","date_gmt":"2025-08-06T12:54:10","guid":{"rendered":"https:\/\/www.noticiasmas.com.ar\/?p=16746"},"modified":"2025-08-06T09:54:14","modified_gmt":"2025-08-06T12:54:14","slug":"solicitaron-18-anos-de-prision-para-el-joven-que-mato-a-dos-turistas-en-rosario-tras-chocarlas-con-su-auto-a-120-kilometros-por-hora","status":"publish","type":"post","link":"https:\/\/www.noticiasmas.com.ar\/index.php\/2025\/08\/06\/solicitaron-18-anos-de-prision-para-el-joven-que-mato-a-dos-turistas-en-rosario-tras-chocarlas-con-su-auto-a-120-kilometros-por-hora\/","title":{"rendered":"Solicitaron 18 a\u00f1os de prisi\u00f3n para el joven que mat\u00f3 a dos turistas en Rosario tras chocarlas con su auto a 120 kil\u00f3metros por hora"},"content":{"rendered":"\n<p>La Fiscal\u00eda present\u00f3 este mi\u00e9rcoles el requerimiento acusatorio para elevar la causa por la muerte de Tania Daniela Gandolfi y Agustina Magal\u00ed Garc\u00eda, mam\u00e1 e hija oriundas de C\u00f3rdoba que fueron chocadas por Agust\u00edn L\u00f3pez Gagliaso cuando este conduc\u00eda a 120 kil\u00f3metros por hora por Avenida Arturo Illia de Rosario.<\/p>\n\n\n\n<p>Las fiscales Valeria Piazza Iglesias y Mariana Prunotto solicitaron 18 a\u00f1os de prisi\u00f3n efectiva e inhabilitaci\u00f3n de por vida para conducir contra el joven de 20 a\u00f1os de edad imputado y detenido por doble homicidio simple con dolo eventual y lesiones en perjuicio del resto de la familia Garc\u00eda: el marido de la v\u00edctima y sus dos hijos de 20 y 6 a\u00f1os de edad.&nbsp;<\/p>\n\n\n\n<p>El hecho ocurrido el 21 de enero de 2025 en el sem\u00e1foro de Illia y Presidente Roca de Rosario caus\u00f3 gran estupor en la sociedad al ocurrir en un horario de gran circulaci\u00f3n de personas y en una zona sumamente concurrida.&nbsp;<\/p>\n\n\n\n<p>Cabe destacar que el joven hab\u00eda manejado desde zona sur hasta el centro y tras un altercado con un motociclista decidi\u00f3 perseguirlo a alt\u00edsima velocidad hasta que todo concluy\u00f3 de la peor manera, chocando su Peugeot 206 contra la familia cordobesa a 120 kil\u00f3metros por hora.&nbsp;<\/p>\n\n\n\n<p>La causa se elevar\u00e1 a Juicio oral y P\u00fablico en las pr\u00f3ximas semanas.<\/p>\n","protected":false},"excerpt":{"rendered":"<p>La Fiscal\u00eda present\u00f3 este mi\u00e9rcoles el requerimiento acusatorio para elevar la causa por la muerte de Tania Daniela Gandolfi y Agustina Magal\u00ed Garc\u00eda, mam\u00e1 e hija oriundas de C\u00f3rdoba que fueron chocadas por Agust\u00edn L\u00f3pez Gagliaso cuando este conduc\u00eda a 120 kil\u00f3metros por hora por Avenida Arturo Illia de Rosario. Las fiscales Valeria Piazza Iglesias [&hellip;]<\/p>\n","protected":false},"author":9,"featured_media":16747,"comment_status":"closed","ping_status":"open","sticky":false,"template":"","format":"standard","meta":{"tdm_status":"","tdm_grid_status":"","footnotes":""},"categories":[9],"tags":[1648,163,571],"class_list":{"0":"post-16746","1":"post","2":"type-post","3":"status-publish","4":"format-standard","5":"has-post-thumbnail","7":"category-policiales","8":"tag-juicio-oral","9":"tag-rosario","10":"tag-transito"},"_links":{"self":[{"href":"https:\/\/www.noticiasmas.com.ar\/index.php\/wp-json\/wp\/v2\/posts\/16746","targetHints":{"allow":["GET"]}}],"collection":[{"href":"https:\/\/www.noticiasmas.com.ar\/index.php\/wp-json\/wp\/v2\/posts"}],"about":[{"href":"https:\/\/www.noticiasmas.com.ar\/index.php\/wp-json\/wp\/v2\/types\/post"}],"author":[{"embeddable":true,"href":"https:\/\/www.noticiasmas.com.ar\/index.php\/wp-json\/wp\/v2\/users\/9"}],"replies":[{"embeddable":true,"href":"https:\/\/www.noticiasmas.com.ar\/index.php\/wp-json\/wp\/v2\/comments?post=16746"}],"version-history":[{"count":1,"href":"https:\/\/www.noticiasmas.com.ar\/index.php\/wp-json\/wp\/v2\/posts\/16746\/revisions"}],"predecessor-version":[{"id":16748,"href":"https:\/\/www.noticiasmas.com.ar\/index.php\/wp-json\/wp\/v2\/posts\/16746\/revisions\/16748"}],"wp:featuredmedia":[{"embeddable":true,"href":"https:\/\/www.noticiasmas.com.ar\/index.php\/wp-json\/wp\/v2\/media\/16747"}],"wp:attachment":[{"href":"https:\/\/www.noticiasmas.com.ar\/index.php\/wp-json\/wp\/v2\/media?parent=16746"}],"wp:term":[{"taxonomy":"category","embeddable":true,"href":"https:\/\/www.noticiasmas.com.ar\/index.php\/wp-json\/wp\/v2\/categories?post=16746"},{"taxonomy":"post_tag","embeddable":true,"href":"https:\/\/www.noticiasmas.com.ar\/index.php\/wp-json\/wp\/v2\/tags?post=16746"}],"curies":[{"name":"wp","href":"https:\/\/api.w.org\/{rel}","templated":true}]}}