{"id":16764,"date":"2025-08-06T18:18:34","date_gmt":"2025-08-06T21:18:34","guid":{"rendered":"https:\/\/www.noticiasmas.com.ar\/?p=16764"},"modified":"2025-08-06T18:18:37","modified_gmt":"2025-08-06T21:18:37","slug":"la-uom-propone-que-la-nueva-constitucion-otorgue-tutela-constitucional-al-trabajador-y-a-las-organizaciones-sindicales","status":"publish","type":"post","link":"https:\/\/www.noticiasmas.com.ar\/index.php\/2025\/08\/06\/la-uom-propone-que-la-nueva-constitucion-otorgue-tutela-constitucional-al-trabajador-y-a-las-organizaciones-sindicales\/","title":{"rendered":"LA UOM PROPONE QUE LA NUEVA CONSTITUCI\u00d3N OTORGUE TUTELA CONSTITUCIONAL AL TRABAJADOR Y A LAS ORGANIZACIONES SINDICALES"},"content":{"rendered":"\n<p>Mediante su letrado, Pablo Cerra, la Uni\u00f3n Obrera Metal\u00fargica ( seccional Rosario ) expuso en la Convenci\u00f3n Constituyente con una f\u00e9rrea defensa del mundo del trabajo.<\/p>\n\n\n\n<p>Cabe indicar que Cerra , fue coautor del proyecto de reforma del actual art\u00edculo 20 de la carta magna provincial, en donde como hecho saliente y exclusivo, instalaron desde el principio la Tutela constitucional al Trabajador y sus organizaciones sindicales. Adem\u00e1s el abogado participa en el espacio Activemos de Marcelo Lewandowski.<\/p>\n\n\n\n<p>El abogado de la UOM estuvo acompa\u00f1ado de la Convencional del espacio, Victoria Capoccetti, y realiz\u00f3 \u201cuna encendida protecci\u00f3n\u201d al mundo del Trabajo, revitalizando la importancia de su generaci\u00f3n y conservaci\u00f3n, \u201ccomo la necesidad imperiosa\u201d de otorgar tutela constitucional al Trabajador y las organizaciones sindicales.<\/p>\n\n\n\n<p>Es bueno recordar, que ser\u00eda la primer constituci\u00f3n del pa\u00eds, en caso de conseguirse, en donde tanto el trabajador y sus organizaciones ostenten esa condici\u00f3n, poniendo a la Provincia \u201ca la vanguardia en la materia\u201d, resalt\u00f3 Cerra.<\/p>\n","protected":false},"excerpt":{"rendered":"<p>Mediante su letrado, Pablo Cerra, la Uni\u00f3n Obrera Metal\u00fargica ( seccional Rosario ) expuso en la Convenci\u00f3n Constituyente con una f\u00e9rrea defensa del mundo del trabajo. Cabe indicar que Cerra , fue coautor del proyecto de reforma del actual art\u00edculo 20 de la carta magna provincial, en donde como hecho saliente y exclusivo, instalaron desde [&hellip;]<\/p>\n","protected":false},"author":5,"featured_media":16765,"comment_status":"closed","ping_status":"open","sticky":false,"template":"","format":"standard","meta":{"tdm_status":"","tdm_grid_status":"","footnotes":""},"categories":[8],"tags":[2988,18,5000,1780],"class_list":{"0":"post-16764","1":"post","2":"type-post","3":"status-publish","4":"format-standard","5":"has-post-thumbnail","7":"category-politica","8":"tag-convencion-constituyente","9":"tag-santa-fe","10":"tag-tutela-constitucional","11":"tag-uom"},"_links":{"self":[{"href":"https:\/\/www.noticiasmas.com.ar\/index.php\/wp-json\/wp\/v2\/posts\/16764","targetHints":{"allow":["GET"]}}],"collection":[{"href":"https:\/\/www.noticiasmas.com.ar\/index.php\/wp-json\/wp\/v2\/posts"}],"about":[{"href":"https:\/\/www.noticiasmas.com.ar\/index.php\/wp-json\/wp\/v2\/types\/post"}],"author":[{"embeddable":true,"href":"https:\/\/www.noticiasmas.com.ar\/index.php\/wp-json\/wp\/v2\/users\/5"}],"replies":[{"embeddable":true,"href":"https:\/\/www.noticiasmas.com.ar\/index.php\/wp-json\/wp\/v2\/comments?post=16764"}],"version-history":[{"count":1,"href":"https:\/\/www.noticiasmas.com.ar\/index.php\/wp-json\/wp\/v2\/posts\/16764\/revisions"}],"predecessor-version":[{"id":16766,"href":"https:\/\/www.noticiasmas.com.ar\/index.php\/wp-json\/wp\/v2\/posts\/16764\/revisions\/16766"}],"wp:featuredmedia":[{"embeddable":true,"href":"https:\/\/www.noticiasmas.com.ar\/index.php\/wp-json\/wp\/v2\/media\/16765"}],"wp:attachment":[{"href":"https:\/\/www.noticiasmas.com.ar\/index.php\/wp-json\/wp\/v2\/media?parent=16764"}],"wp:term":[{"taxonomy":"category","embeddable":true,"href":"https:\/\/www.noticiasmas.com.ar\/index.php\/wp-json\/wp\/v2\/categories?post=16764"},{"taxonomy":"post_tag","embeddable":true,"href":"https:\/\/www.noticiasmas.com.ar\/index.php\/wp-json\/wp\/v2\/tags?post=16764"}],"curies":[{"name":"wp","href":"https:\/\/api.w.org\/{rel}","templated":true}]}}