{"id":16770,"date":"2025-08-06T18:37:10","date_gmt":"2025-08-06T21:37:10","guid":{"rendered":"https:\/\/www.noticiasmas.com.ar\/?p=16770"},"modified":"2025-08-06T18:37:13","modified_gmt":"2025-08-06T21:37:13","slug":"dia-de-san-cayetano-actividades-de-los-gremios-locales-este-7-de-agosto","status":"publish","type":"post","link":"https:\/\/www.noticiasmas.com.ar\/index.php\/2025\/08\/06\/dia-de-san-cayetano-actividades-de-los-gremios-locales-este-7-de-agosto\/","title":{"rendered":"DIA DE SAN CAYETANO: ACTIVIDADES DE LOS GREMIOS LOCALES ESTE 7 DE AGOSTO"},"content":{"rendered":"\n<p>Sindicatos Locales nucleados en la Confederaci\u00f3n Argentina de Trabajadores del Transporte (CATT) junto a organizaciones sociales vienen organizando una movilizaci\u00f3n en el marco del 7 de agosto, d\u00eda que se celebra el D\u00eda de San Cayetano, patrono del pan y del trabajo. Se sumar\u00e1n organizaciones estudiantiles y de jubilados. Habr\u00e1 60 Ollas Populares en la zona del Monumento a la Bandera y solicitar\u00e1n la Emergencia Alimentaria.<\/p>\n\n\n\n<p>En tal marco gremios de transporte de la ciudad (Dragado y Balizamiento, Recolectores, Camioneros alineados a Hugo Moyano, Mar\u00edtimos -Siconara-, Sindicato de Cadetes de Rosario, entre otros) junto a la UTEP, CCC, Movimiento Evita movilizar\u00e1n bajo el lema: Paz, Pan, Tierra, Techo y Trabajo se congregar\u00e1 desde las 9 de ese d\u00eda jueves en la Plaza del Che Guevara ( a pasos de la Av 27 de febrero y calle Laprida) y su destino ser\u00e1 el Monumento a la Bandera.<\/p>\n\n\n\n<p>En su recorrido har\u00e1 un parate frente a la parroquia San Cayetano ( Buenos Aires al 2100)<\/p>\n\n\n\n<p>EMERGENCIA ALIMENTARIA EN ROSARIO<\/p>\n\n\n\n<p>El abanico de organizaciones sociales presentar\u00e1 este jueves en el Concejo Municipal de Rosario un proyecto para declarar la Emergencia Alimentaria en la ciudad.<\/p>\n\n\n\n<p>En paralelo, en la Legislatura Provincial, se ingresar\u00e1 un proyecto de ley para el reconocimiento salarial de quienes desempe\u00f1an tareas en comedores y merenderos populares, espacios fundamentales para garantizar el derecho a la alimentaci\u00f3n en los barrios m\u00e1s postergados.<\/p>\n\n\n\n<p>Hern\u00e1n Sorrequieta de la UTEP explic\u00f3 que el objetivo es crear un registro de comedores y merenderos comunitarios, una mesa de di\u00e1logo entre el Estado y las organizaciones y que se disponga la creaci\u00f3n de un fondo de financiamiento para comedores y merenderos.<\/p>\n\n\n\n<p>Adem\u00e1s, en la Legislatura provincial, el proyecto de ley a presentar es para darle un reconocimiento a la cocineras comunitarias mediante la creaci\u00f3n de un registro provincial de comedores, y que se les otorgue un reconocimiento econ\u00f3mico por su labor a trav\u00e9s del Estado.<\/p>\n\n\n\n<p>GREMIOS DE LA INTERSINDICAL ROSARIO A MISA<\/p>\n\n\n\n<p>Gremios enrolados en la Intersindical Rosario, convocan a la Misa en honor a San Cayetano, patrono del pan y el trabajo.<\/p>\n\n\n\n<p>La celebraci\u00f3n se llevar\u00e1 a cabo el jueves 7 de agosto a las 10 hs . En ese sentido, la columna de gremios de Luz y Fuerza, Bancarios, Correo, Judiciales de santa Fe, Atsa Rosario, Sadop, entre otros se concentrar\u00e1n frente a la parroquia ubicada en Buenos Aires 2158.<\/p>\n\n\n\n<p>PJ ROSARIO<\/p>\n\n\n\n<p>El sector gremial del PJ Rosario convoca a todos los trabajadores a \u201cparticipar activamente\u201d, de las distintas actividades que se vean a realizar este 7 de agosto por la festividad de San Cayetano.<\/p>\n\n\n\n<p>\u201cCoincidimos con la consigna de Paz, Pan, Techo y Trabajo\u201d, que enarbola la CGT nacional y \u201cllamamos a participar de todas las misas que se hagan en Rosario y la regi\u00f3n y para nosotros la consigna de San cayetano nos une, la necesidad nos moviliza y la dignidad nos sostiene totalmente en esta realidad que padecen los trabajadores a lo largo y a lo ancho del pa\u00eds\u201d, dijo Sergio Rivolta, Secretario Gremial del PJ Rosario.<\/p>\n\n\n\n<p>ATE Y CTA MOVILIZAN<\/p>\n\n\n\n<p>En el marco de la gran movilizaci\u00f3n que se viene organizando en Rosario este pr\u00f3ximo jueves 7 de agosto Dia de san cayetano, desde Ate y CTA Rosario indicaron que, \u201cvamos a ser parte de la movilizaci\u00f3n por Pan, Paz Tierra y Trabajo\u201d, adelant\u00f3 Lorena Almir\u00f3n, Secretaria General de ambas entidades gremiales.<\/p>\n\n\n\n<p>La dirigente gremial agreg\u00f3: \u201cFuimos partes de distintas multisectoriales que se forjaron para organizar esta marcha en el marco crecimiento pobreza violencia en nuestra regi\u00f3n y que tendr\u00e1 como protagonistas a sindicatos, organizaciones sociales pol\u00edticas y que va atravesar un gran territorio de Rosario\u201d.<\/p>\n\n\n\n<p>COAD<\/p>\n\n\n\n<p>Los docentes de la UNR enrolados en COAD se suman a la marcha. Las consignas que enarbola el gremio universitario es: Por trabajo y salarios dignos, contra el hambre; por la defensa de todos los derechos sociales; por el aumento de las jubilaciones, \u201ccontra la pol\u00edtica de saqueo y miseria del Gobierno de Milei, que d\u00eda a d\u00eda avanza en la entrega de la soberan\u00eda nacional y contra las conquistas fundamentales que logramos como pueblo\u201d, indicaron en un comunicado.<\/p>\n","protected":false},"excerpt":{"rendered":"<p>Sindicatos Locales nucleados en la Confederaci\u00f3n Argentina de Trabajadores del Transporte (CATT) junto a organizaciones sociales vienen organizando una movilizaci\u00f3n en el marco del 7 de agosto, d\u00eda que se celebra el D\u00eda de San Cayetano, patrono del pan y del trabajo. Se sumar\u00e1n organizaciones estudiantiles y de jubilados. Habr\u00e1 60 Ollas Populares en la [&hellip;]<\/p>\n","protected":false},"author":5,"featured_media":16771,"comment_status":"closed","ping_status":"open","sticky":false,"template":"","format":"standard","meta":{"tdm_status":"","tdm_grid_status":"","footnotes":""},"categories":[13],"tags":[2214,120,617,552,4953,163,4952],"class_list":{"0":"post-16770","1":"post","2":"type-post","3":"status-publish","4":"format-standard","5":"has-post-thumbnail","7":"category-region","8":"tag-catt","9":"tag-estudiantes","10":"tag-gremios","11":"tag-jubilados","12":"tag-organizaciones-sociales","13":"tag-rosario","14":"tag-san-cayetano"},"_links":{"self":[{"href":"https:\/\/www.noticiasmas.com.ar\/index.php\/wp-json\/wp\/v2\/posts\/16770","targetHints":{"allow":["GET"]}}],"collection":[{"href":"https:\/\/www.noticiasmas.com.ar\/index.php\/wp-json\/wp\/v2\/posts"}],"about":[{"href":"https:\/\/www.noticiasmas.com.ar\/index.php\/wp-json\/wp\/v2\/types\/post"}],"author":[{"embeddable":true,"href":"https:\/\/www.noticiasmas.com.ar\/index.php\/wp-json\/wp\/v2\/users\/5"}],"replies":[{"embeddable":true,"href":"https:\/\/www.noticiasmas.com.ar\/index.php\/wp-json\/wp\/v2\/comments?post=16770"}],"version-history":[{"count":1,"href":"https:\/\/www.noticiasmas.com.ar\/index.php\/wp-json\/wp\/v2\/posts\/16770\/revisions"}],"predecessor-version":[{"id":16772,"href":"https:\/\/www.noticiasmas.com.ar\/index.php\/wp-json\/wp\/v2\/posts\/16770\/revisions\/16772"}],"wp:featuredmedia":[{"embeddable":true,"href":"https:\/\/www.noticiasmas.com.ar\/index.php\/wp-json\/wp\/v2\/media\/16771"}],"wp:attachment":[{"href":"https:\/\/www.noticiasmas.com.ar\/index.php\/wp-json\/wp\/v2\/media?parent=16770"}],"wp:term":[{"taxonomy":"category","embeddable":true,"href":"https:\/\/www.noticiasmas.com.ar\/index.php\/wp-json\/wp\/v2\/categories?post=16770"},{"taxonomy":"post_tag","embeddable":true,"href":"https:\/\/www.noticiasmas.com.ar\/index.php\/wp-json\/wp\/v2\/tags?post=16770"}],"curies":[{"name":"wp","href":"https:\/\/api.w.org\/{rel}","templated":true}]}}