{"id":16817,"date":"2025-08-07T18:04:22","date_gmt":"2025-08-07T21:04:22","guid":{"rendered":"https:\/\/www.noticiasmas.com.ar\/?p=16817"},"modified":"2025-08-07T18:04:25","modified_gmt":"2025-08-07T21:04:25","slug":"rosario-multitudinaria-marcha-de-sindicatos-y-organizaciones-sociales-en-el-dia-de-san-cayetano","status":"publish","type":"post","link":"https:\/\/www.noticiasmas.com.ar\/index.php\/2025\/08\/07\/rosario-multitudinaria-marcha-de-sindicatos-y-organizaciones-sociales-en-el-dia-de-san-cayetano\/","title":{"rendered":"ROSARIO: MULTITUDINARIA MARCHA DE SINDICATOS Y ORGANIZACIONES SOCIALES EN EL DIA DE SAN CAYETANO"},"content":{"rendered":"\n<p>Miles de trabajadores enrolados en distintos sindicatos junto a organizaciones sociales tuvieron su marcha en el marco del D\u00eda de San Cayetano, patrono del trabajo.<\/p>\n\n\n\n<p>Desde la ma\u00f1ana temprano de este jueves 7 de agosto, distintas columnas y trabajadores independientes se concentraron en la plaza del Che (Av 27 de febrero y Laprida). Eso de las 10 horas marcharon por calle Buenos Aires hacia la parroquia de San Cayetano (Buenos Aires al 2100 donde fueron bendecidos por el Monse\u00f1or Eduardo Mart\u00edn.<\/p>\n\n\n\n<p>Banderas de Trabajadores Recolectores, Cadetes de Rosario, Mar\u00edtimos (Siconara), Dragado y Balizamiento, Camioneros enrolados con Hugo Moyano junto al Movimiento Evita, la UTEP, Barrio de Pie y la CCC conformaban la columna que seg\u00fan los organizadores super\u00f3 las 10 mil personas.<\/p>\n\n\n\n<p>Se march\u00f3 por Paz, Pan, Techo y Trabajo hasta el Monumento a la Bandera, donde se desplegaron decenas de ollas populares.<\/p>\n\n\n\n<p>\u201cNos movilizamos por la falta de trabajo y un plato de comida. No solo esta mal el desocupado sino un trabajador que mete 8 o 16 horas de trabajo no puede llegar a fin de mes&#8221;, dijo Edgardo Arrieta, Secretario General de Dragado y Balizamiento y la CATT Rosario.<\/p>\n\n\n\n<p>A su turno Hernan Sorrequieta, de la UTEP remarc\u00f3 que, \u201cfue una multitudinaria movilizaci\u00f3n en Rosario, fueron mas de 8 o 9 cuadras de gente. Marcharon sindicatos, organizaciones, jubilados, estudiante sy todos los que est\u00e1n disconformes con el gobierno nacional que vamos a pedir por Paz, Pan, Techo y Trabajo\u201d.<\/p>\n\n\n\n<p>El sector de organizaciones sociales movilizadas: La Corriente Clasista y Combativa (CCC), el Movimiento Evita, Utep, Nuestra Am\u00e9rica, Barrios de pie, Sindicato de Recolectores y el Movimiento Oktubre presentaron en el Concejo Municipal una iniciativa para pedir que la ciudad declare la emergencia alimentaria durante dos a\u00f1os &#8220;con el objeto de morigerar el impacto de la situaci\u00f3n econ\u00f3mica nacional en los sectores sociales m\u00e1s excluidos, y de velar por la satisfacci\u00f3n de las necesidades b\u00e1sicas de ni\u00f1os, ni\u00f1as, adolescentes y ancianos&#8221;, seg\u00fan se\u00f1ala el proyecto.<\/p>\n\n\n\n<p>Asimismo, orena Almir\u00f3n, Secretaria General de ATE y CTA Rosario dijo: \u201cmovilizamos para pedir trabajo digno, buenos salarios, acceso a la vivienda y a la alimentaci\u00f3n, nada mas y nada menos que hoy falta en muchos hogares de la Rep\u00fablica Argentina producto de las pol\u00edticas de ajuste que viene llevando el gobierno nacional\u201d.<\/p>\n\n\n\n<p>Por su parte, Marcelo Zabala, Titular del gremio de Marina Mercante en Santa Fe indic\u00f3 que, \u201choy hay much\u00edsima gente que no solo est\u00e1 movilizada por los sindicatos sino que todos estamos preocupados por el trabajo en la Argentina y muchos han tomado conciencia que nos est\u00e1n desclasando poco a poco y logrando que la clase media empiece a caer y eso es algo que no podemos permitir. Hoy la meta era juntar a las personas en un acto de fe en el D\u00eda de San Cayetano y es lo que se refleja hoy ac\u00e1\u201d.<\/p>\n\n\n\n<p>Por \u00faltimo, Fernando Ramirez, Secretario General del gremio de Conductores Navales (Siconara Rosario) expres\u00f3 que, \u201cvenimos acompa\u00f1ando todas las marchas del sector obrero, de los movimientos organizados, sociales pero en esta oportunidad resaltar la spalabras importantes del arzobispado que sali\u00f3 nos bendijo y fueron muy profundas sus palabras\u201d. Asimismo, \u201choy estamos festejando este reclamo colectivo donde anoche se logr\u00f3 tumbar en el Congreso el decreto contra la marina mercante y es un paso importante en nuestra lucha porque pusimos todo\u201d.<\/p>\n","protected":false},"excerpt":{"rendered":"<p>Miles de trabajadores enrolados en distintos sindicatos junto a organizaciones sociales tuvieron su marcha en el marco del D\u00eda de San Cayetano, patrono del trabajo. Desde la ma\u00f1ana temprano de este jueves 7 de agosto, distintas columnas y trabajadores independientes se concentraron en la plaza del Che (Av 27 de febrero y Laprida). Eso de [&hellip;]<\/p>\n","protected":false},"author":5,"featured_media":16818,"comment_status":"closed","ping_status":"open","sticky":false,"template":"","format":"standard","meta":{"tdm_status":"","tdm_grid_status":"","footnotes":""},"categories":[13],"tags":[617,898,4953,163,4952],"class_list":{"0":"post-16817","1":"post","2":"type-post","3":"status-publish","4":"format-standard","5":"has-post-thumbnail","7":"category-region","8":"tag-gremios","9":"tag-movilizacion-2","10":"tag-organizaciones-sociales","11":"tag-rosario","12":"tag-san-cayetano"},"_links":{"self":[{"href":"https:\/\/www.noticiasmas.com.ar\/index.php\/wp-json\/wp\/v2\/posts\/16817","targetHints":{"allow":["GET"]}}],"collection":[{"href":"https:\/\/www.noticiasmas.com.ar\/index.php\/wp-json\/wp\/v2\/posts"}],"about":[{"href":"https:\/\/www.noticiasmas.com.ar\/index.php\/wp-json\/wp\/v2\/types\/post"}],"author":[{"embeddable":true,"href":"https:\/\/www.noticiasmas.com.ar\/index.php\/wp-json\/wp\/v2\/users\/5"}],"replies":[{"embeddable":true,"href":"https:\/\/www.noticiasmas.com.ar\/index.php\/wp-json\/wp\/v2\/comments?post=16817"}],"version-history":[{"count":1,"href":"https:\/\/www.noticiasmas.com.ar\/index.php\/wp-json\/wp\/v2\/posts\/16817\/revisions"}],"predecessor-version":[{"id":16819,"href":"https:\/\/www.noticiasmas.com.ar\/index.php\/wp-json\/wp\/v2\/posts\/16817\/revisions\/16819"}],"wp:featuredmedia":[{"embeddable":true,"href":"https:\/\/www.noticiasmas.com.ar\/index.php\/wp-json\/wp\/v2\/media\/16818"}],"wp:attachment":[{"href":"https:\/\/www.noticiasmas.com.ar\/index.php\/wp-json\/wp\/v2\/media?parent=16817"}],"wp:term":[{"taxonomy":"category","embeddable":true,"href":"https:\/\/www.noticiasmas.com.ar\/index.php\/wp-json\/wp\/v2\/categories?post=16817"},{"taxonomy":"post_tag","embeddable":true,"href":"https:\/\/www.noticiasmas.com.ar\/index.php\/wp-json\/wp\/v2\/tags?post=16817"}],"curies":[{"name":"wp","href":"https:\/\/api.w.org\/{rel}","templated":true}]}}