{"id":1689,"date":"2023-12-21T18:06:38","date_gmt":"2023-12-21T21:06:38","guid":{"rendered":"https:\/\/www.noticiasmas.com.ar\/?p=1689"},"modified":"2023-12-21T18:06:39","modified_gmt":"2023-12-21T21:06:39","slug":"este-viernes-aumenta-el-boleto-de-colectivo-el-local-se-va-a-294","status":"publish","type":"post","link":"https:\/\/www.noticiasmas.com.ar\/index.php\/2023\/12\/21\/este-viernes-aumenta-el-boleto-de-colectivo-el-local-se-va-a-294\/","title":{"rendered":"Este viernes aumenta el boleto de colectivo: el local se va a $294"},"content":{"rendered":"\n<p><\/p>\n\n\n\n<p><\/p>\n\n\n\n<p>El transporte interurbano de la regi\u00f3n tendr\u00e1 un aumento del 60% en su tarifa a partir de las 00 horas de este viernes 22 de diciembre.<\/p>\n\n\n\n<p>La nueva gesti\u00f3n de la Secretaria de Transporte provincial autoriz\u00f3 a las empresas a realizar una importante suba de sus tarifas, las cuales cerrar\u00e1n el 2023 con un incremento anual del 120%.<\/p>\n\n\n\n<p>Seg\u00fan manifestaron las mismas empresas a la entidad gubernamental reguladora, el desfasaje es del 140% en la relaci\u00f3n del precio del boleto y los costos de mantener el servicio en funci\u00f3n.<\/p>\n\n\n\n<p>El incremento comenzar\u00e1 a regir ya desde este viernes. La tarifa m\u00ednima entre localidades linderas, como por ejemplo, entre San Lorenzo y Fray Luis Beltr\u00e1n, pasar\u00e1 de $184 a $294.<\/p>\n\n\n\n<p>Por su parte, el servicio por autopista entre Rosario y San Lorenzo costar\u00e1 ahora $888, en tanto que el viaje entre estas dos ciudades por ruta, $707.<\/p>\n","protected":false},"excerpt":{"rendered":"<p>El transporte interurbano de la regi\u00f3n tendr\u00e1 un aumento del 60% en su tarifa a partir de las 00 horas de este viernes 22 de diciembre. La nueva gesti\u00f3n de la Secretaria de Transporte provincial autoriz\u00f3 a las empresas a realizar una importante suba de sus tarifas, las cuales cerrar\u00e1n el 2023 con un incremento [&hellip;]<\/p>\n","protected":false},"author":9,"featured_media":1690,"comment_status":"closed","ping_status":"open","sticky":false,"template":"","format":"standard","meta":{"tdm_status":"","tdm_grid_status":"","footnotes":""},"categories":[13],"tags":[76,182,686,18,687,685,185],"class_list":{"0":"post-1689","1":"post","2":"type-post","3":"status-publish","4":"format-standard","5":"has-post-thumbnail","7":"category-region","8":"tag-aumentos","9":"tag-colectivos","10":"tag-expreso","11":"tag-santa-fe","12":"tag-secretaria-de-transporte","13":"tag-suba-de-precios","14":"tag-transporte-interurbano"},"_links":{"self":[{"href":"https:\/\/www.noticiasmas.com.ar\/index.php\/wp-json\/wp\/v2\/posts\/1689","targetHints":{"allow":["GET"]}}],"collection":[{"href":"https:\/\/www.noticiasmas.com.ar\/index.php\/wp-json\/wp\/v2\/posts"}],"about":[{"href":"https:\/\/www.noticiasmas.com.ar\/index.php\/wp-json\/wp\/v2\/types\/post"}],"author":[{"embeddable":true,"href":"https:\/\/www.noticiasmas.com.ar\/index.php\/wp-json\/wp\/v2\/users\/9"}],"replies":[{"embeddable":true,"href":"https:\/\/www.noticiasmas.com.ar\/index.php\/wp-json\/wp\/v2\/comments?post=1689"}],"version-history":[{"count":1,"href":"https:\/\/www.noticiasmas.com.ar\/index.php\/wp-json\/wp\/v2\/posts\/1689\/revisions"}],"predecessor-version":[{"id":1691,"href":"https:\/\/www.noticiasmas.com.ar\/index.php\/wp-json\/wp\/v2\/posts\/1689\/revisions\/1691"}],"wp:featuredmedia":[{"embeddable":true,"href":"https:\/\/www.noticiasmas.com.ar\/index.php\/wp-json\/wp\/v2\/media\/1690"}],"wp:attachment":[{"href":"https:\/\/www.noticiasmas.com.ar\/index.php\/wp-json\/wp\/v2\/media?parent=1689"}],"wp:term":[{"taxonomy":"category","embeddable":true,"href":"https:\/\/www.noticiasmas.com.ar\/index.php\/wp-json\/wp\/v2\/categories?post=1689"},{"taxonomy":"post_tag","embeddable":true,"href":"https:\/\/www.noticiasmas.com.ar\/index.php\/wp-json\/wp\/v2\/tags?post=1689"}],"curies":[{"name":"wp","href":"https:\/\/api.w.org\/{rel}","templated":true}]}}