{"id":16984,"date":"2025-08-14T08:26:34","date_gmt":"2025-08-14T11:26:34","guid":{"rendered":"https:\/\/www.noticiasmas.com.ar\/?p=16984"},"modified":"2025-08-14T08:26:38","modified_gmt":"2025-08-14T11:26:38","slug":"cordoba-una-mujer-ira-a-juicio-acusada-de-matar-a-su-padre-en-un-contexto-de-violencia-y-abusos","status":"publish","type":"post","link":"https:\/\/www.noticiasmas.com.ar\/index.php\/2025\/08\/14\/cordoba-una-mujer-ira-a-juicio-acusada-de-matar-a-su-padre-en-un-contexto-de-violencia-y-abusos\/","title":{"rendered":"C\u00f3rdoba: una mujer ir\u00e1 a juicio acusada de matar a su padre en un contexto de violencia y abusos"},"content":{"rendered":"\n<p>Jenifer Raymondo, de 30 a\u00f1os de edad, ser\u00e1 juzgada por el homicidio de su padre, Atilio Raymondo, ocurrido a comienzos de este a\u00f1o en la zona rural de Almafuerte, provincia de C\u00f3rdoba. <\/p>\n\n\n\n<p>La Fiscal\u00eda de Fuero M\u00faltiple N\u00b02 de R\u00edo Tercero, a cargo de Paula Bruera, solicit\u00f3 a la C\u00e1mara Criminal y Correccional la citaci\u00f3n a juicio, imput\u00e1ndola como presunta autora de homicidio agravado por el v\u00ednculo, cometido en estado de emoci\u00f3n violenta.<\/p>\n\n\n\n<p>El hecho ocurri\u00f3 el jueves 2 de enero, durante una fuerte discusi\u00f3n. Seg\u00fan la investigaci\u00f3n, Jenifer apu\u00f1al\u00f3 a su padre. Fue su hermano quien lo hall\u00f3 gravemente herido y dio aviso a la Polic\u00eda. La acusada permaneci\u00f3 en el lugar y, al ser detenida, admiti\u00f3 la autor\u00eda del crimen.<\/p>\n\n\n\n<p>Sin embargo, hay un grave contexto que cambia el tono de la situaci\u00f3n, ya que la mujer sostiene que actu\u00f3 tras a\u00f1os de sufrir abusos sexuales, maltratos f\u00edsicos, explotaci\u00f3n infantil y agresiones por parte de su progenitor, situaciones que, seg\u00fan se declaraci\u00f3n, se iniciaron en su infancia. <\/p>\n\n\n\n<p>El Ministerio P\u00fablico Fiscal se\u00f1al\u00f3 que ese contexto de violencia podr\u00eda haber sido \u201cla causa eficiente del estallido emocional y la anulaci\u00f3n de la capacidad reflexiva\u201d que deriv\u00f3 en el homicidio.<\/p>\n\n\n\n<p>El abogado defensor, Carlos Pajtman, afirm\u00f3 que las pericias psicol\u00f3gicas y psiqui\u00e1tricas respaldan la versi\u00f3n de su clienta, acreditando un historial de violencia f\u00edsica y sexual, corroborado por familiares y allegados.<\/p>\n\n\n\n<p>Hasta el inicio del debate oral, Jenifer Raymondo continuar\u00e1 en libertad, mientras se define la fecha de comienzo del juicio.<\/p>\n","protected":false},"excerpt":{"rendered":"<p>Jenifer Raymondo, de 30 a\u00f1os de edad, ser\u00e1 juzgada por el homicidio de su padre, Atilio Raymondo, ocurrido a comienzos de este a\u00f1o en la zona rural de Almafuerte, provincia de C\u00f3rdoba. La Fiscal\u00eda de Fuero M\u00faltiple N\u00b02 de R\u00edo Tercero, a cargo de Paula Bruera, solicit\u00f3 a la C\u00e1mara Criminal y Correccional la citaci\u00f3n [&hellip;]<\/p>\n","protected":false},"author":9,"featured_media":16985,"comment_status":"closed","ping_status":"open","sticky":false,"template":"","format":"standard","meta":{"tdm_status":"","tdm_grid_status":"","footnotes":""},"categories":[1],"tags":[5071,976,172,5070],"class_list":{"0":"post-16984","1":"post","2":"type-post","3":"status-publish","4":"format-standard","5":"has-post-thumbnail","7":"category-nacionales","8":"tag-almafueret","9":"tag-cordoba","10":"tag-policiales","11":"tag-rio-tercero"},"_links":{"self":[{"href":"https:\/\/www.noticiasmas.com.ar\/index.php\/wp-json\/wp\/v2\/posts\/16984","targetHints":{"allow":["GET"]}}],"collection":[{"href":"https:\/\/www.noticiasmas.com.ar\/index.php\/wp-json\/wp\/v2\/posts"}],"about":[{"href":"https:\/\/www.noticiasmas.com.ar\/index.php\/wp-json\/wp\/v2\/types\/post"}],"author":[{"embeddable":true,"href":"https:\/\/www.noticiasmas.com.ar\/index.php\/wp-json\/wp\/v2\/users\/9"}],"replies":[{"embeddable":true,"href":"https:\/\/www.noticiasmas.com.ar\/index.php\/wp-json\/wp\/v2\/comments?post=16984"}],"version-history":[{"count":1,"href":"https:\/\/www.noticiasmas.com.ar\/index.php\/wp-json\/wp\/v2\/posts\/16984\/revisions"}],"predecessor-version":[{"id":16986,"href":"https:\/\/www.noticiasmas.com.ar\/index.php\/wp-json\/wp\/v2\/posts\/16984\/revisions\/16986"}],"wp:featuredmedia":[{"embeddable":true,"href":"https:\/\/www.noticiasmas.com.ar\/index.php\/wp-json\/wp\/v2\/media\/16985"}],"wp:attachment":[{"href":"https:\/\/www.noticiasmas.com.ar\/index.php\/wp-json\/wp\/v2\/media?parent=16984"}],"wp:term":[{"taxonomy":"category","embeddable":true,"href":"https:\/\/www.noticiasmas.com.ar\/index.php\/wp-json\/wp\/v2\/categories?post=16984"},{"taxonomy":"post_tag","embeddable":true,"href":"https:\/\/www.noticiasmas.com.ar\/index.php\/wp-json\/wp\/v2\/tags?post=16984"}],"curies":[{"name":"wp","href":"https:\/\/api.w.org\/{rel}","templated":true}]}}