{"id":16987,"date":"2025-08-14T08:29:51","date_gmt":"2025-08-14T11:29:51","guid":{"rendered":"https:\/\/www.noticiasmas.com.ar\/?p=16987"},"modified":"2025-08-14T08:29:55","modified_gmt":"2025-08-14T11:29:55","slug":"por-dios-se-suspendio-la-peregrinacion-a-san-nicolas-por-falta-de-seguridad","status":"publish","type":"post","link":"https:\/\/www.noticiasmas.com.ar\/index.php\/2025\/08\/14\/por-dios-se-suspendio-la-peregrinacion-a-san-nicolas-por-falta-de-seguridad\/","title":{"rendered":"Por dios: se suspendi\u00f3 la peregrinaci\u00f3n a San Nicol\u00e1s por falta de seguridad"},"content":{"rendered":"\n<p>La Comisi\u00f3n General que organiza la tradicional peregrinaci\u00f3n hacia la Virgen de San Nicol\u00e1s anunci\u00f3 la imposibilidad de concretar el evento a que las autoridades no pudieron garantizar el personal de seguridad y salud.<\/p>\n\n\n\n<p>\u201cLa decisi\u00f3n ha sido tomada por razones de fuerza mayor, ajenas a la organizaci\u00f3n, que imposibilitan el desarrollo del evento en las condiciones necesarias para garantizar la seguridad y el bienestar de todos los peregrinos\u201d, explicaron los organizadores en redes sociales.<\/p>\n\n\n\n<p>En paralelo a esta manifestaci\u00f3n de fe, en la provincia de Santa Fe y en Rosario se suceder\u00e1n diversos eventos que requieren la participaci\u00f3n activa de los cuerpos de seguridad y del personal de salud, por lo que \u201cno ser\u00e1 posible contar con el acompa\u00f1amiento y la asistencia indispensables para la realizaci\u00f3n de la peregrinaci\u00f3n\u201d.<\/p>\n\n\n\n<p>Cabe recordar que Rosario ser\u00e1 sede en septiembre de los Juegos Argentinos de Alto Rendimiento (Jadar) y todos los recursos en seguridad y salud estar\u00e1n abocados a este evento. No s\u00f3lo la ciudad estar\u00e1 afectada por esta competencia, Santa Fe y Rafaela tambi\u00e9n son sedes y servir\u00e1 como prueba de fuego para los Juegos Odesur 2026.<\/p>\n\n\n\n<p><strong>30 a\u00f1os<\/strong><\/p>\n\n\n\n<p>La caminata a San Nicol\u00e1s se realiza desde 1995 habitualmente en el mes de septiembre y re\u00fane a miles de fieles de la Arquidi\u00f3cesis de Rosario. En 30 a\u00f1os del evento s\u00f3lo fue suspendida tres veces: en 2010 por un conflicto con corte de ruta de los trabajadores de Paran\u00e1 Metal en 2010 y en 2020 y 2021 por la pandemia de coronavirus. Desde hace ya varios a\u00f1os, los seguidores de Cristo part\u00edan de Arijon y Ayacucho para recorrer los casi 70 kil\u00f3metros de distancia entre Rosario y la ciudad de la Provincia de Buenos Aires.<\/p>\n\n\n\n<p><\/p>\n","protected":false},"excerpt":{"rendered":"<p>La Comisi\u00f3n General que organiza la tradicional peregrinaci\u00f3n hacia la Virgen de San Nicol\u00e1s anunci\u00f3 la imposibilidad de concretar el evento a que las autoridades no pudieron garantizar el personal de seguridad y salud. \u201cLa decisi\u00f3n ha sido tomada por razones de fuerza mayor, ajenas a la organizaci\u00f3n, que imposibilitan el desarrollo del evento en [&hellip;]<\/p>\n","protected":false},"author":8,"featured_media":16988,"comment_status":"closed","ping_status":"open","sticky":false,"template":"","format":"standard","meta":{"tdm_status":"","tdm_grid_status":"","footnotes":""},"categories":[13],"tags":[5072,1494,91,5073],"class_list":{"0":"post-16987","1":"post","2":"type-post","3":"status-publish","4":"format-standard","5":"has-post-thumbnail","7":"category-region","8":"tag-peregrinacion","9":"tag-san-nicolas","10":"tag-seguridad","11":"tag-suspension"},"_links":{"self":[{"href":"https:\/\/www.noticiasmas.com.ar\/index.php\/wp-json\/wp\/v2\/posts\/16987","targetHints":{"allow":["GET"]}}],"collection":[{"href":"https:\/\/www.noticiasmas.com.ar\/index.php\/wp-json\/wp\/v2\/posts"}],"about":[{"href":"https:\/\/www.noticiasmas.com.ar\/index.php\/wp-json\/wp\/v2\/types\/post"}],"author":[{"embeddable":true,"href":"https:\/\/www.noticiasmas.com.ar\/index.php\/wp-json\/wp\/v2\/users\/8"}],"replies":[{"embeddable":true,"href":"https:\/\/www.noticiasmas.com.ar\/index.php\/wp-json\/wp\/v2\/comments?post=16987"}],"version-history":[{"count":1,"href":"https:\/\/www.noticiasmas.com.ar\/index.php\/wp-json\/wp\/v2\/posts\/16987\/revisions"}],"predecessor-version":[{"id":16989,"href":"https:\/\/www.noticiasmas.com.ar\/index.php\/wp-json\/wp\/v2\/posts\/16987\/revisions\/16989"}],"wp:featuredmedia":[{"embeddable":true,"href":"https:\/\/www.noticiasmas.com.ar\/index.php\/wp-json\/wp\/v2\/media\/16988"}],"wp:attachment":[{"href":"https:\/\/www.noticiasmas.com.ar\/index.php\/wp-json\/wp\/v2\/media?parent=16987"}],"wp:term":[{"taxonomy":"category","embeddable":true,"href":"https:\/\/www.noticiasmas.com.ar\/index.php\/wp-json\/wp\/v2\/categories?post=16987"},{"taxonomy":"post_tag","embeddable":true,"href":"https:\/\/www.noticiasmas.com.ar\/index.php\/wp-json\/wp\/v2\/tags?post=16987"}],"curies":[{"name":"wp","href":"https:\/\/api.w.org\/{rel}","templated":true}]}}