{"id":17031,"date":"2025-08-15T21:31:19","date_gmt":"2025-08-16T00:31:19","guid":{"rendered":"https:\/\/www.noticiasmas.com.ar\/?p=17031"},"modified":"2025-08-15T21:31:23","modified_gmt":"2025-08-16T00:31:23","slug":"gremios-del-transporte-nucleados-en-la-catt-rosario-apoyan-la-candidatura-de-eduardo-toniolli-para-diputado-nacional","status":"publish","type":"post","link":"https:\/\/www.noticiasmas.com.ar\/index.php\/2025\/08\/15\/gremios-del-transporte-nucleados-en-la-catt-rosario-apoyan-la-candidatura-de-eduardo-toniolli-para-diputado-nacional\/","title":{"rendered":"Gremios del transporte nucleados en la CATT Rosario apoyan la candidatura de Eduardo Toniolli para diputado nacional"},"content":{"rendered":"\n<p>El calendario electoral de este a\u00f1o incluye las legislativas nacionales, que renovar\u00e1n media C\u00e1mara de Diputados y un tercio del Senado.<\/p>\n\n\n\n<p>Ser\u00e1 el 26 de octubre pr\u00f3ximo y ya se van configurando las candidaturas en los diferentes espacios pol\u00edticos. Santa Fe renueva nueve bancas en la c\u00e1mara baja nacional y unos de los candidatos que toma fuerza para encabezar en el peronismo es Eduardo Toniolli, quien ir\u00eda por la renovaci\u00f3n de su banca.<\/p>\n\n\n\n<p>En ese marco, quienes hicieron p\u00fablica su apoyo a Toniolli son los gremios del Transporte nucleados en la CATT Rosario que este jueves realizaron un acto en el sal\u00f3n del gremio de Dragado y Balizamiento con un auditorio colmado de trabajadores de distintos gremios que componen la CATT y militantes del peronismo enrolados en el Movimiento Evita y otros espacios internos del PJ local. Tambi\u00e9n estuvieron estuvieron presentes la concejala rosarina, Norma Lopez, Jos\u00e9 Pepe Berra, integrante del Movimiento Evita y referentes pol\u00edticos de la localidad de Villa Gobernador G\u00e1lvez.<\/p>\n\n\n\n<p>En el momento de su alocuci\u00f3n, Eduardo Toniolli destac\u00f3 \u201cel honor que me embarga este acompa\u00f1amiento y apoyo pol\u00edtico y entiendo que tiene que ver con un trabajo pol\u00edtico desde hace muchos a\u00f1os desde los \u00e1mbitos legislativos en defensa de los derechos de los trabajadores\u201d.<\/p>\n\n\n\n<p>Respecto a la situaci\u00f3n nacional que atraviesa el pa\u00eds, Toniolli enfatiz\u00f3 que, \u201cqueremos un octubre victorioso para el peronismo, no podemos darnos el lujo que un r\u00e9gimen como el de Milei salga victorioso en dicha elecci\u00f3n porque es un r\u00e9gimen que va por todo, entre eso, va por los derechos de los trabajadores, por la soberan\u00eda de los argentinos, por la reprimarizaci\u00f3n de la econom\u00eda argentina y por la extranjerizaci\u00f3n de nuestros recursos estrat\u00e9gicos. Ante eso no hay posibilidad de no luchar, todo lo contrario, hay que avanzar en la construcci\u00f3n de la mejor propuesta electoral del peronismo y de fuerzas aliadas\u201d.<\/p>\n\n\n\n<p>Por su parte, Edgardo Arrieta, anfitri\u00f3n del encuentro y Secretario General de la CATT Rosario indic\u00f3 que, \u201cno estamos ac\u00e1 levant\u00e1ndole la mano a cualquiera sino a una persona y a un hombre que en cada marcha, en cada corte siempre ha estado junto a nosotros, no pregunt\u00e1ndonos porqu\u00e9 lo hacemos sino que necesitamos y creo que los trabajadores hoy mas que nunca frente a este gobierno que trata de humillar a sus opositores, tenemos que estar peleando en la calle\u201d.<\/p>\n\n\n\n<p>Cabe indicar que la CATT est\u00e1 integrada por gremios del transporte entre los que se encuentran: Mar\u00edtimos, Fluviales, A\u00e9reos, Ferroviarios, Terrestres: Recolectores, Camioneros de Santa Fe alineados a Hugo Moyano, Dragado y Balizamiento, SOMU, Siconara, Cadetes de Rosario, Sutpa ( Peaje), entre tantos otros.<\/p>\n\n\n\n<p>Por lo pronto, Fernando Ramirez, Titular del gremio de Conductores Navales (Siconara Rosario), expres\u00f3 que, \u201cEduardo es un acompa\u00f1amiento permanente hacia los trabajadores, nosotros lo vivimos en carne propia con el decreto 340 donde recibimos el apoyo log\u00edstico, en la calle, Eduardo hasta ha marchado con nosotros as\u00ed que lo vemos como un pol\u00edtico de otra raza y muy cercano a los trabajadores\u201d.<\/p>\n\n\n\n<p>En tanto, Nicolas Martinez, Secretario General del Gremio de Cadetes de Rosario, manifest\u00f3 que, \u201ccon los compa\u00f1eros de la Catt y los gremios del transporte apoyando la candidatura de Eduardo por una cuesti\u00f3n natural que el siempre esta acompa\u00f1ando la lucha de los trabajadores y en el caso nuestro nos ha acompa\u00f1ado desde un primer momento y por eso queremos que la expresi\u00f3n en octubre que nos represente sea con Eduardo a la cabeza\u201d.<\/p>\n","protected":false},"excerpt":{"rendered":"<p>El calendario electoral de este a\u00f1o incluye las legislativas nacionales, que renovar\u00e1n media C\u00e1mara de Diputados y un tercio del Senado. Ser\u00e1 el 26 de octubre pr\u00f3ximo y ya se van configurando las candidaturas en los diferentes espacios pol\u00edticos. Santa Fe renueva nueve bancas en la c\u00e1mara baja nacional y unos de los candidatos que [&hellip;]<\/p>\n","protected":false},"author":5,"featured_media":17032,"comment_status":"closed","ping_status":"open","sticky":false,"template":"","format":"standard","meta":{"tdm_status":"","tdm_grid_status":"","footnotes":""},"categories":[8,13],"tags":[4082,2214,5085,1287,163,18],"class_list":{"0":"post-17031","1":"post","2":"type-post","3":"status-publish","4":"format-standard","5":"has-post-thumbnail","7":"category-politica","8":"category-region","9":"tag-apoyo","10":"tag-catt","11":"tag-eduardo-tonioli","12":"tag-partido-justicialista","13":"tag-rosario","14":"tag-santa-fe"},"_links":{"self":[{"href":"https:\/\/www.noticiasmas.com.ar\/index.php\/wp-json\/wp\/v2\/posts\/17031","targetHints":{"allow":["GET"]}}],"collection":[{"href":"https:\/\/www.noticiasmas.com.ar\/index.php\/wp-json\/wp\/v2\/posts"}],"about":[{"href":"https:\/\/www.noticiasmas.com.ar\/index.php\/wp-json\/wp\/v2\/types\/post"}],"author":[{"embeddable":true,"href":"https:\/\/www.noticiasmas.com.ar\/index.php\/wp-json\/wp\/v2\/users\/5"}],"replies":[{"embeddable":true,"href":"https:\/\/www.noticiasmas.com.ar\/index.php\/wp-json\/wp\/v2\/comments?post=17031"}],"version-history":[{"count":1,"href":"https:\/\/www.noticiasmas.com.ar\/index.php\/wp-json\/wp\/v2\/posts\/17031\/revisions"}],"predecessor-version":[{"id":17033,"href":"https:\/\/www.noticiasmas.com.ar\/index.php\/wp-json\/wp\/v2\/posts\/17031\/revisions\/17033"}],"wp:featuredmedia":[{"embeddable":true,"href":"https:\/\/www.noticiasmas.com.ar\/index.php\/wp-json\/wp\/v2\/media\/17032"}],"wp:attachment":[{"href":"https:\/\/www.noticiasmas.com.ar\/index.php\/wp-json\/wp\/v2\/media?parent=17031"}],"wp:term":[{"taxonomy":"category","embeddable":true,"href":"https:\/\/www.noticiasmas.com.ar\/index.php\/wp-json\/wp\/v2\/categories?post=17031"},{"taxonomy":"post_tag","embeddable":true,"href":"https:\/\/www.noticiasmas.com.ar\/index.php\/wp-json\/wp\/v2\/tags?post=17031"}],"curies":[{"name":"wp","href":"https:\/\/api.w.org\/{rel}","templated":true}]}}