{"id":17050,"date":"2025-08-18T09:46:03","date_gmt":"2025-08-18T12:46:03","guid":{"rendered":"https:\/\/www.noticiasmas.com.ar\/?p=17050"},"modified":"2025-08-18T09:46:06","modified_gmt":"2025-08-18T12:46:06","slug":"dos-personas-volcaron-en-la-curva-de-vicentin-y-debieron-ser-rescatadas","status":"publish","type":"post","link":"https:\/\/www.noticiasmas.com.ar\/index.php\/2025\/08\/18\/dos-personas-volcaron-en-la-curva-de-vicentin-y-debieron-ser-rescatadas\/","title":{"rendered":"Dos personas volcaron en la curva de Vicent\u00edn y debieron ser rescatadas"},"content":{"rendered":"\n<p>Dos personas oriundas de Carcara\u00f1\u00e1 debieron ser rescatadas de su camioneta luego de volcar en la curva de la Ruta Nacional A012 en el l\u00edmite entre las localidades de Ricardone y San Lorenzo.&nbsp;<\/p>\n\n\n\n<p>Este lunes por la madrugada, una camioneta Ford Ranger sufri\u00f3 un accidente de tr\u00e1nsito producto de, en principio, una mala maniobra que deriv\u00f3 en un vuelco sobre la calzada en la \u201ccurva de Vicent\u00edn\u201d.&nbsp;<\/p>\n\n\n\n<p>Mat\u00edas Gabriel G., y Juan Carlos S., ambos oriundos de Carcara\u00f1\u00e1, debieron ser rescatados por personal de Bomberos Zapadores de la ciudad de San Lorenzo.&nbsp;<\/p>\n\n\n\n<p>Por \u00faltimo, fueron trasladados al hospital sanlorencino Granaderos a Caballo para una evaluaci\u00f3n posterior, aunque no presentaron mayores complicaciones.<\/p>\n","protected":false},"excerpt":{"rendered":"<p>Dos personas oriundas de Carcara\u00f1\u00e1 debieron ser rescatadas de su camioneta luego de volcar en la curva de la Ruta Nacional A012 en el l\u00edmite entre las localidades de Ricardone y San Lorenzo.&nbsp; Este lunes por la madrugada, una camioneta Ford Ranger sufri\u00f3 un accidente de tr\u00e1nsito producto de, en principio, una mala maniobra que [&hellip;]<\/p>\n","protected":false},"author":9,"featured_media":17051,"comment_status":"closed","ping_status":"open","sticky":false,"template":"","format":"standard","meta":{"tdm_status":"","tdm_grid_status":"","footnotes":""},"categories":[9],"tags":[2030,541,58,571,821],"class_list":{"0":"post-17050","1":"post","2":"type-post","3":"status-publish","4":"format-standard","5":"has-post-thumbnail","7":"category-policiales","8":"tag-accidente","9":"tag-ricardone","10":"tag-san-lorenzo","11":"tag-transito","12":"tag-vicentin"},"_links":{"self":[{"href":"https:\/\/www.noticiasmas.com.ar\/index.php\/wp-json\/wp\/v2\/posts\/17050","targetHints":{"allow":["GET"]}}],"collection":[{"href":"https:\/\/www.noticiasmas.com.ar\/index.php\/wp-json\/wp\/v2\/posts"}],"about":[{"href":"https:\/\/www.noticiasmas.com.ar\/index.php\/wp-json\/wp\/v2\/types\/post"}],"author":[{"embeddable":true,"href":"https:\/\/www.noticiasmas.com.ar\/index.php\/wp-json\/wp\/v2\/users\/9"}],"replies":[{"embeddable":true,"href":"https:\/\/www.noticiasmas.com.ar\/index.php\/wp-json\/wp\/v2\/comments?post=17050"}],"version-history":[{"count":1,"href":"https:\/\/www.noticiasmas.com.ar\/index.php\/wp-json\/wp\/v2\/posts\/17050\/revisions"}],"predecessor-version":[{"id":17052,"href":"https:\/\/www.noticiasmas.com.ar\/index.php\/wp-json\/wp\/v2\/posts\/17050\/revisions\/17052"}],"wp:featuredmedia":[{"embeddable":true,"href":"https:\/\/www.noticiasmas.com.ar\/index.php\/wp-json\/wp\/v2\/media\/17051"}],"wp:attachment":[{"href":"https:\/\/www.noticiasmas.com.ar\/index.php\/wp-json\/wp\/v2\/media?parent=17050"}],"wp:term":[{"taxonomy":"category","embeddable":true,"href":"https:\/\/www.noticiasmas.com.ar\/index.php\/wp-json\/wp\/v2\/categories?post=17050"},{"taxonomy":"post_tag","embeddable":true,"href":"https:\/\/www.noticiasmas.com.ar\/index.php\/wp-json\/wp\/v2\/tags?post=17050"}],"curies":[{"name":"wp","href":"https:\/\/api.w.org\/{rel}","templated":true}]}}