{"id":17096,"date":"2025-08-19T11:56:32","date_gmt":"2025-08-19T14:56:32","guid":{"rendered":"https:\/\/www.noticiasmas.com.ar\/?p=17096"},"modified":"2025-08-19T11:56:35","modified_gmt":"2025-08-19T14:56:35","slug":"en-rutas-destruidas-el-gobierno-habilito-la-circulacion-de-camiones-bitrenes-en-gran-parte-del-territorio-nacional","status":"publish","type":"post","link":"https:\/\/www.noticiasmas.com.ar\/index.php\/2025\/08\/19\/en-rutas-destruidas-el-gobierno-habilito-la-circulacion-de-camiones-bitrenes-en-gran-parte-del-territorio-nacional\/","title":{"rendered":"En rutas destruidas, el gobierno habilit\u00f3 la circulaci\u00f3n de camiones bitrenes en gran parte del territorio nacional\u00a0"},"content":{"rendered":"\n<p>El Gobierno nacional oficializ\u00f3 este martes la libre circulaci\u00f3n de camiones bitrenes en todo el territorio argentino, a trav\u00e9s de la Resoluci\u00f3n 1196\/2025 publicada en el Bolet\u00edn Oficial.&nbsp;<\/p>\n\n\n\n<p>La medida, impulsada por la Secretar\u00eda de Transporte del Ministerio de Econom\u00eda, apunta a simplificar el marco normativo, otorgar mayor previsibilidad y reducir la burocracia que impactaba en la actividad del transporte y la log\u00edstica. Hasta el momento, solo el 26,5% de las rutas nacionales estaban habilitadas para estos veh\u00edculos.<\/p>\n\n\n\n<p>A partir de ahora, el gobierno nacional permitir\u00e1 que los camiones de hasta 30,25 metros de longitud circulen sin restricci\u00f3n en la Ruta 11, A012, 34, 33 y 9, por ejemplo, en la provincia de Santa Fe.&nbsp;<\/p>\n\n\n\n<p>Con la nueva disposici\u00f3n, se unifica el esquema administrativo para todas las categor\u00edas de bitrenes, eliminando tr\u00e1mites adicionales que pod\u00edan demorar m\u00e1s de 90 d\u00edas, en especial para la categor\u00eda 3 (veh\u00edculos de hasta 30,25 metros de largo y 75 toneladas de peso), que enfrentaba exigencias consideradas injustificadas.<\/p>\n\n\n\n<p>El ministro de Desregulaci\u00f3n y Transformaci\u00f3n del Estado, Federico Sturzenegger, celebr\u00f3 la decisi\u00f3n y destac\u00f3 el impacto econ\u00f3mico:<\/p>\n\n\n\n<p>\u201cLa Resoluci\u00f3n 1196\/2025, firmada por Luis Caputo, habilita la circulaci\u00f3n de bitrenes en pr\u00e1cticamente toda la red vial nacional. Esto permitir\u00e1 un ahorro significativo en los costos log\u00edsticos del pa\u00eds\u201d.<\/p>\n\n\n\n<p>Sturzenegger record\u00f3 adem\u00e1s que, hasta ahora, los bitrenes de mayor porte solo pod\u00edan transitar por tramos espec\u00edficos que cubr\u00edan apenas un tercio de las rutas nacionales:<\/p>\n\n\n\n<p>\u201cUn cami\u00f3n de m\u00e1s de 25,5 metros que partiera de Buenos Aires no pod\u00eda llegar a 13 de las 23 provincias, ni siquiera con desv\u00edos. Adem\u00e1s, se exig\u00eda un permiso por unidad que pod\u00eda tardar meses en aprobarse\u201d, se\u00f1al\u00f3.<\/p>\n","protected":false},"excerpt":{"rendered":"<p>El Gobierno nacional oficializ\u00f3 este martes la libre circulaci\u00f3n de camiones bitrenes en todo el territorio argentino, a trav\u00e9s de la Resoluci\u00f3n 1196\/2025 publicada en el Bolet\u00edn Oficial.&nbsp; La medida, impulsada por la Secretar\u00eda de Transporte del Ministerio de Econom\u00eda, apunta a simplificar el marco normativo, otorgar mayor previsibilidad y reducir la burocracia que impactaba [&hellip;]<\/p>\n","protected":false},"author":9,"featured_media":17097,"comment_status":"closed","ping_status":"open","sticky":false,"template":"","format":"standard","meta":{"tdm_status":"","tdm_grid_status":"","footnotes":""},"categories":[1],"tags":[5106,1032,2532,666,571],"class_list":{"0":"post-17096","1":"post","2":"type-post","3":"status-publish","4":"format-standard","5":"has-post-thumbnail","7":"category-nacionales","8":"tag-bitren","9":"tag-camiones","10":"tag-federico-sturzenegger","11":"tag-rutas","12":"tag-transito"},"_links":{"self":[{"href":"https:\/\/www.noticiasmas.com.ar\/index.php\/wp-json\/wp\/v2\/posts\/17096","targetHints":{"allow":["GET"]}}],"collection":[{"href":"https:\/\/www.noticiasmas.com.ar\/index.php\/wp-json\/wp\/v2\/posts"}],"about":[{"href":"https:\/\/www.noticiasmas.com.ar\/index.php\/wp-json\/wp\/v2\/types\/post"}],"author":[{"embeddable":true,"href":"https:\/\/www.noticiasmas.com.ar\/index.php\/wp-json\/wp\/v2\/users\/9"}],"replies":[{"embeddable":true,"href":"https:\/\/www.noticiasmas.com.ar\/index.php\/wp-json\/wp\/v2\/comments?post=17096"}],"version-history":[{"count":1,"href":"https:\/\/www.noticiasmas.com.ar\/index.php\/wp-json\/wp\/v2\/posts\/17096\/revisions"}],"predecessor-version":[{"id":17098,"href":"https:\/\/www.noticiasmas.com.ar\/index.php\/wp-json\/wp\/v2\/posts\/17096\/revisions\/17098"}],"wp:featuredmedia":[{"embeddable":true,"href":"https:\/\/www.noticiasmas.com.ar\/index.php\/wp-json\/wp\/v2\/media\/17097"}],"wp:attachment":[{"href":"https:\/\/www.noticiasmas.com.ar\/index.php\/wp-json\/wp\/v2\/media?parent=17096"}],"wp:term":[{"taxonomy":"category","embeddable":true,"href":"https:\/\/www.noticiasmas.com.ar\/index.php\/wp-json\/wp\/v2\/categories?post=17096"},{"taxonomy":"post_tag","embeddable":true,"href":"https:\/\/www.noticiasmas.com.ar\/index.php\/wp-json\/wp\/v2\/tags?post=17096"}],"curies":[{"name":"wp","href":"https:\/\/api.w.org\/{rel}","templated":true}]}}