{"id":17099,"date":"2025-08-19T12:14:59","date_gmt":"2025-08-19T15:14:59","guid":{"rendered":"https:\/\/www.noticiasmas.com.ar\/?p=17099"},"modified":"2025-08-19T12:15:03","modified_gmt":"2025-08-19T15:15:03","slug":"un-detenido-por-vender-botellas-adulteradas-de-fernet-branca-a-muy-bajo-precio","status":"publish","type":"post","link":"https:\/\/www.noticiasmas.com.ar\/index.php\/2025\/08\/19\/un-detenido-por-vender-botellas-adulteradas-de-fernet-branca-a-muy-bajo-precio\/","title":{"rendered":"Un detenido por vender botellas adulteradas de fernet Branca a muy bajo precio"},"content":{"rendered":"\n<p>El hombre de 41 a\u00f1os fue detenido durante la tarde del lunes en un comercio de la zona sur de Rosario, tras la denuncia de una mujer que compr\u00f3 botellas de fernet de primera marca, cuyo contenido habr\u00eda estado adulterado. &nbsp;<\/p>\n\n\n\n<p>En el local ubicado sonre Avenida San Mart\u00edn al 3600, agentes del Comando Radioel\u00e9ctrico secuestraron envases de la bebida alcoh\u00f3lica marca Branca, que hab\u00edan sido manipuladas que no se encontraban en su condici\u00f3n original, y que se exhib\u00edan para la venta con un precio llamativamente bajo.<\/p>\n\n\n\n<p>De acuerdo al reporte oficial, los uniformados se llevaron dos botellas de litro y seis envases de 750 mililitros de la marca l\u00edder del mercado. La mercader\u00eda qued\u00f3 a disposici\u00f3n de la Justicia provincial junto con el registro de las actuaciones en el sur rosarino.<\/p>\n\n\n\n<p>Entre los detalles del procedimiento, los agentes advirtieron que los envases ten\u00edan algunas alteraciones. Las tapas hab\u00edan sido pintadas con tinta y el pico dosificador de pl\u00e1stico estaba roto.<\/p>\n","protected":false},"excerpt":{"rendered":"<p>El hombre de 41 a\u00f1os fue detenido durante la tarde del lunes en un comercio de la zona sur de Rosario, tras la denuncia de una mujer que compr\u00f3 botellas de fernet de primera marca, cuyo contenido habr\u00eda estado adulterado. &nbsp; En el local ubicado sonre Avenida San Mart\u00edn al 3600, agentes del Comando Radioel\u00e9ctrico [&hellip;]<\/p>\n","protected":false},"author":8,"featured_media":17100,"comment_status":"closed","ping_status":"open","sticky":false,"template":"","format":"standard","meta":{"tdm_status":"","tdm_grid_status":"","footnotes":""},"categories":[9],"tags":[5107,110,2985,163,5108],"class_list":{"0":"post-17099","1":"post","2":"type-post","3":"status-publish","4":"format-standard","5":"has-post-thumbnail","7":"category-policiales","8":"tag-branca","9":"tag-detenido","10":"tag-fernet","11":"tag-rosario","12":"tag-trucho"},"_links":{"self":[{"href":"https:\/\/www.noticiasmas.com.ar\/index.php\/wp-json\/wp\/v2\/posts\/17099","targetHints":{"allow":["GET"]}}],"collection":[{"href":"https:\/\/www.noticiasmas.com.ar\/index.php\/wp-json\/wp\/v2\/posts"}],"about":[{"href":"https:\/\/www.noticiasmas.com.ar\/index.php\/wp-json\/wp\/v2\/types\/post"}],"author":[{"embeddable":true,"href":"https:\/\/www.noticiasmas.com.ar\/index.php\/wp-json\/wp\/v2\/users\/8"}],"replies":[{"embeddable":true,"href":"https:\/\/www.noticiasmas.com.ar\/index.php\/wp-json\/wp\/v2\/comments?post=17099"}],"version-history":[{"count":1,"href":"https:\/\/www.noticiasmas.com.ar\/index.php\/wp-json\/wp\/v2\/posts\/17099\/revisions"}],"predecessor-version":[{"id":17101,"href":"https:\/\/www.noticiasmas.com.ar\/index.php\/wp-json\/wp\/v2\/posts\/17099\/revisions\/17101"}],"wp:featuredmedia":[{"embeddable":true,"href":"https:\/\/www.noticiasmas.com.ar\/index.php\/wp-json\/wp\/v2\/media\/17100"}],"wp:attachment":[{"href":"https:\/\/www.noticiasmas.com.ar\/index.php\/wp-json\/wp\/v2\/media?parent=17099"}],"wp:term":[{"taxonomy":"category","embeddable":true,"href":"https:\/\/www.noticiasmas.com.ar\/index.php\/wp-json\/wp\/v2\/categories?post=17099"},{"taxonomy":"post_tag","embeddable":true,"href":"https:\/\/www.noticiasmas.com.ar\/index.php\/wp-json\/wp\/v2\/tags?post=17099"}],"curies":[{"name":"wp","href":"https:\/\/api.w.org\/{rel}","templated":true}]}}