{"id":17112,"date":"2025-08-19T18:54:32","date_gmt":"2025-08-19T21:54:32","guid":{"rendered":"https:\/\/www.noticiasmas.com.ar\/?p=17112"},"modified":"2025-08-19T18:54:35","modified_gmt":"2025-08-19T21:54:35","slug":"este-jueves-banderazo-nacional-de-judiciales-con-gran-impacto-en-los-tribunales-federales-de-rosario","status":"publish","type":"post","link":"https:\/\/www.noticiasmas.com.ar\/index.php\/2025\/08\/19\/este-jueves-banderazo-nacional-de-judiciales-con-gran-impacto-en-los-tribunales-federales-de-rosario\/","title":{"rendered":"ESTE JUEVES BANDERAZO NACIONAL DE JUDICIALES CON GRAN IMPACTO EN LOS TRIBUNALES FEDERALES DE ROSARIO"},"content":{"rendered":"\n<p>Los trabajadores judiciales nacionales nucleados en la Uni\u00f3n de Empleados de la Justicia de la Naci\u00f3n (UEJN) llevar\u00e1n adelante un nuevo banderazo nacional este jueves 21 de agosto. <\/p>\n\n\n\n<p>Durante la protesta habr\u00e1 cese de actividades. En Rosario, impactar\u00e1 en el normal funcionamiento de los Tribunales ubicados en calle Oro\u00f1o al 900 y Entre R\u00edos al 400 y otras dependencias vinculadas al sector.<\/p>\n\n\n\n<p>La medida de protesta obedece a un reclamo salarial y tambi\u00e9n contra el traspaso y en Defensa del Sistema Jubilatorio.<\/p>\n\n\n\n<p>El sindicato conducido a nivel nacional por Julio Piumato se\u00f1al\u00f3 que la actividad se enmarca dentro de el plan de lucha, en reclamo por una recomposici\u00f3n salarial que cubra el poder adquisitivo de los salarios de los trabajadores.<\/p>\n","protected":false},"excerpt":{"rendered":"<p>Los trabajadores judiciales nacionales nucleados en la Uni\u00f3n de Empleados de la Justicia de la Naci\u00f3n (UEJN) llevar\u00e1n adelante un nuevo banderazo nacional este jueves 21 de agosto. Durante la protesta habr\u00e1 cese de actividades. En Rosario, impactar\u00e1 en el normal funcionamiento de los Tribunales ubicados en calle Oro\u00f1o al 900 y Entre R\u00edos al [&hellip;]<\/p>\n","protected":false},"author":5,"featured_media":17113,"comment_status":"closed","ping_status":"open","sticky":false,"template":"","format":"standard","meta":{"tdm_status":"","tdm_grid_status":"","footnotes":""},"categories":[13],"tags":[5114,4602,5091,163,4603],"class_list":{"0":"post-17112","1":"post","2":"type-post","3":"status-publish","4":"format-standard","5":"has-post-thumbnail","7":"category-region","8":"tag-cese-de-actividades","9":"tag-judiciales-nacionales","10":"tag-jueves-21","11":"tag-rosario","12":"tag-tribunales-federales"},"_links":{"self":[{"href":"https:\/\/www.noticiasmas.com.ar\/index.php\/wp-json\/wp\/v2\/posts\/17112","targetHints":{"allow":["GET"]}}],"collection":[{"href":"https:\/\/www.noticiasmas.com.ar\/index.php\/wp-json\/wp\/v2\/posts"}],"about":[{"href":"https:\/\/www.noticiasmas.com.ar\/index.php\/wp-json\/wp\/v2\/types\/post"}],"author":[{"embeddable":true,"href":"https:\/\/www.noticiasmas.com.ar\/index.php\/wp-json\/wp\/v2\/users\/5"}],"replies":[{"embeddable":true,"href":"https:\/\/www.noticiasmas.com.ar\/index.php\/wp-json\/wp\/v2\/comments?post=17112"}],"version-history":[{"count":1,"href":"https:\/\/www.noticiasmas.com.ar\/index.php\/wp-json\/wp\/v2\/posts\/17112\/revisions"}],"predecessor-version":[{"id":17114,"href":"https:\/\/www.noticiasmas.com.ar\/index.php\/wp-json\/wp\/v2\/posts\/17112\/revisions\/17114"}],"wp:featuredmedia":[{"embeddable":true,"href":"https:\/\/www.noticiasmas.com.ar\/index.php\/wp-json\/wp\/v2\/media\/17113"}],"wp:attachment":[{"href":"https:\/\/www.noticiasmas.com.ar\/index.php\/wp-json\/wp\/v2\/media?parent=17112"}],"wp:term":[{"taxonomy":"category","embeddable":true,"href":"https:\/\/www.noticiasmas.com.ar\/index.php\/wp-json\/wp\/v2\/categories?post=17112"},{"taxonomy":"post_tag","embeddable":true,"href":"https:\/\/www.noticiasmas.com.ar\/index.php\/wp-json\/wp\/v2\/tags?post=17112"}],"curies":[{"name":"wp","href":"https:\/\/api.w.org\/{rel}","templated":true}]}}