{"id":17120,"date":"2025-08-19T19:23:45","date_gmt":"2025-08-19T22:23:45","guid":{"rendered":"https:\/\/www.noticiasmas.com.ar\/?p=17120"},"modified":"2025-08-19T19:23:49","modified_gmt":"2025-08-19T22:23:49","slug":"provincia-dispone-casi-600-policias-para-el-operativo-de-seguridad-en-el-clasico-rosarino","status":"publish","type":"post","link":"https:\/\/www.noticiasmas.com.ar\/index.php\/2025\/08\/19\/provincia-dispone-casi-600-policias-para-el-operativo-de-seguridad-en-el-clasico-rosarino\/","title":{"rendered":"Provincia dispone casi 600 polic\u00edas para el operativo de seguridad en el cl\u00e1sico rosarino"},"content":{"rendered":"\n<p>Funcionarios del Ministerio de Justicia y Seguridad se reunieron con representantes de la Polic\u00eda de Santa Fe, la Municipalidad y los clubes para ultimar detalles del dispositivo conjunto de cara al cl\u00e1sico entre Rosario Central y Newell\u2019s. \u201cNo se resiente la seguridad p\u00fablica por un partido de f\u00fatbol. En este caso se refuerza porque tenemos m\u00e1s polic\u00edas en la calle\u201d, explic\u00f3 Fernando Peverengo, director de Seguridad en Eventos Masivos.<\/p>\n\n\n\n<p>El Gobierno de Santa Fe dispuso un operativo que contar\u00e1 con 582 agentes para el encuentro que se jugar\u00e1 el pr\u00f3ximo s\u00e1bado en el Gigante de Arroyito. A ellos se sumar\u00e1n 80 efectivos en el tradicional banderazo del jueves en el Coloso Marcelo Bielsa.<br>La coordinaci\u00f3n se defini\u00f3 este martes en la sede de Gobierno en Rosario, durante una reuni\u00f3n encabezada por Fernando Peverengo, director de Seguridad en Eventos Masivos, y el coordinador de la Direcci\u00f3n de Seguridad en Eventos Masivos, Gustavo Vel\u00e1zquez. Participaron tambi\u00e9n los gerentes de Central y Newell\u2019s, Javier Soler y Horacio Aguilera; el subsecretario de Control Municipal, Ezequiel Brocchi; y el comisario Luciano Ortellado, representante de la Oficina Operativa de Espect\u00e1culos Deportivos de la Unidad Regional II.<\/p>\n\n\n\n<p>\u201cRosario debe ser una ciudad de eventos\u201d<\/p>\n\n\n\n<p>Peverengo subray\u00f3 que el cl\u00e1sico es el acontecimiento deportivo de mayor magnitud en la ciudad. \u201cRosario es y debe ser una ciudad de eventos, y este es el m\u00e1s importante por su connotaci\u00f3n deportiva y por c\u00f3mo se vive el f\u00fatbol en la provincia. Para eso se pens\u00f3 un operativo con 582 efectivos\u201d, indic\u00f3.<br>El funcionario remarc\u00f3 la necesidad de \u201cdefender la fiesta provincial del deporte\u201d, y sostuvo que la organizaci\u00f3n demanda un compromiso compartido. \u201cTenemos la responsabilidad de cuidar a las personas y los bienes que concurren al estadio. Pero tambi\u00e9n es fundamental el aporte de cada uno de los actores\u201d, a\u00f1adi\u00f3.<br>Central y Newell\u2019s se medir\u00e1n el s\u00e1bado a las 17.30 por la sexta fecha del torneo Clausura de la Liga Profesional, en el duelo Interzonal del certamen.<\/p>\n\n\n\n<figure class=\"wp-block-image size-large\"><img loading=\"lazy\" decoding=\"async\" width=\"1024\" height=\"683\" src=\"https:\/\/www.noticiasmas.com.ar\/wp-content\/uploads\/2025\/08\/Clasico-2-1024x683.jpg\" alt=\"\" class=\"wp-image-17121\" srcset=\"https:\/\/www.noticiasmas.com.ar\/wp-content\/uploads\/2025\/08\/Clasico-2-1024x683.jpg 1024w, https:\/\/www.noticiasmas.com.ar\/wp-content\/uploads\/2025\/08\/Clasico-2-300x200.jpg 300w, https:\/\/www.noticiasmas.com.ar\/wp-content\/uploads\/2025\/08\/Clasico-2-768x512.jpg 768w, https:\/\/www.noticiasmas.com.ar\/wp-content\/uploads\/2025\/08\/Clasico-2-150x100.jpg 150w, https:\/\/www.noticiasmas.com.ar\/wp-content\/uploads\/2025\/08\/Clasico-2-696x464.jpg 696w, https:\/\/www.noticiasmas.com.ar\/wp-content\/uploads\/2025\/08\/Clasico-2-1068x712.jpg 1068w, https:\/\/www.noticiasmas.com.ar\/wp-content\/uploads\/2025\/08\/Clasico-2.jpg 1200w\" sizes=\"auto, (max-width: 1024px) 100vw, 1024px\" \/><\/figure>\n\n\n\n<p>Refuerzo de efectivos y seguridad privada<\/p>\n\n\n\n<p>El director de Seguridad en Eventos Masivos precis\u00f3 que el dispositivo no afectar\u00e1 la vigilancia habitual de la ciudad. \u201cNo se resiente la seguridad p\u00fablica por un partido de f\u00fatbol. En este caso especial se refuerza porque tenemos m\u00e1s polic\u00edas en la calle. Los 582 efectivos no estar\u00e1n necesariamente en el estadio, forman parte de un operativo integral, al que se agregan 250 agentes de seguridad privada dentro del Gigante\u201d, explic\u00f3.<br>Tambi\u00e9n aclar\u00f3 que se trata de un operativo din\u00e1mico. \u201cLos puntos de monitoreo no se activan el mismo d\u00eda del partido, sino en jornadas previas, para garantizar una respuesta r\u00e1pida de la polic\u00eda\u201d, se\u00f1al\u00f3.<\/p>\n\n\n\n<p>Trabajo conjunto y recomendaciones<\/p>\n\n\n\n<p>Vel\u00e1zquez destac\u00f3 la tarea coordinada con todos los actores involucrados. \u201cHay un compromiso y una responsabilidad de ambas dirigencias para aportar todo lo que est\u00e9 a su alcance y que el espect\u00e1culo se desarrolle con normalidad. La Unidad Regional II y la Municipalidad tambi\u00e9n est\u00e1n siempre a disposici\u00f3n\u201d, dijo.<br>El funcionario recomend\u00f3 a los hinchas concurrir con antelaci\u00f3n al estadio: \u201cLas puertas estar\u00e1n abiertas tres horas antes. Que la gente llegue temprano, ocupe su lugar habitual en la tribuna y disfrute del espect\u00e1culo con tranquilidad\u201d.<\/p>\n\n\n\n<p>Operativo en el Coloso<\/p>\n\n\n\n<p>En cuanto al banderazo de los simpatizantes rojinegros previsto para el jueves, el Ministerio de Justicia y Seguridad dispuso 80 polic\u00edas. \u201cEse d\u00eda habr\u00e1 dos eventos: al mediod\u00eda se inaugurar\u00e1 la reforma del estadio, con autoridades de la AFA, en un acto privado para no m\u00e1s de 100 personas. Luego, en horario vespertino, se realizar\u00e1 el banderazo, como todos los a\u00f1os\u201d, explic\u00f3 Peverengo.<\/p>\n","protected":false},"excerpt":{"rendered":"<p>Funcionarios del Ministerio de Justicia y Seguridad se reunieron con representantes de la Polic\u00eda de Santa Fe, la Municipalidad y los clubes para ultimar detalles del dispositivo conjunto de cara al cl\u00e1sico entre Rosario Central y Newell\u2019s. \u201cNo se resiente la seguridad p\u00fablica por un partido de f\u00fatbol. En este caso se refuerza porque tenemos [&hellip;]<\/p>\n","protected":false},"author":5,"featured_media":17122,"comment_status":"closed","ping_status":"open","sticky":false,"template":"","format":"standard","meta":{"tdm_status":"","tdm_grid_status":"","footnotes":""},"categories":[10],"tags":[5118,1751,132,5117,163,95],"class_list":{"0":"post-17120","1":"post","2":"type-post","3":"status-publish","4":"format-standard","5":"has-post-thumbnail","7":"category-deportes","8":"tag-600-policias","9":"tag-clasico-rosarino","10":"tag-newells","11":"tag-operativo-seguridad","12":"tag-rosario","13":"tag-rosario-central"},"_links":{"self":[{"href":"https:\/\/www.noticiasmas.com.ar\/index.php\/wp-json\/wp\/v2\/posts\/17120","targetHints":{"allow":["GET"]}}],"collection":[{"href":"https:\/\/www.noticiasmas.com.ar\/index.php\/wp-json\/wp\/v2\/posts"}],"about":[{"href":"https:\/\/www.noticiasmas.com.ar\/index.php\/wp-json\/wp\/v2\/types\/post"}],"author":[{"embeddable":true,"href":"https:\/\/www.noticiasmas.com.ar\/index.php\/wp-json\/wp\/v2\/users\/5"}],"replies":[{"embeddable":true,"href":"https:\/\/www.noticiasmas.com.ar\/index.php\/wp-json\/wp\/v2\/comments?post=17120"}],"version-history":[{"count":1,"href":"https:\/\/www.noticiasmas.com.ar\/index.php\/wp-json\/wp\/v2\/posts\/17120\/revisions"}],"predecessor-version":[{"id":17123,"href":"https:\/\/www.noticiasmas.com.ar\/index.php\/wp-json\/wp\/v2\/posts\/17120\/revisions\/17123"}],"wp:featuredmedia":[{"embeddable":true,"href":"https:\/\/www.noticiasmas.com.ar\/index.php\/wp-json\/wp\/v2\/media\/17122"}],"wp:attachment":[{"href":"https:\/\/www.noticiasmas.com.ar\/index.php\/wp-json\/wp\/v2\/media?parent=17120"}],"wp:term":[{"taxonomy":"category","embeddable":true,"href":"https:\/\/www.noticiasmas.com.ar\/index.php\/wp-json\/wp\/v2\/categories?post=17120"},{"taxonomy":"post_tag","embeddable":true,"href":"https:\/\/www.noticiasmas.com.ar\/index.php\/wp-json\/wp\/v2\/tags?post=17120"}],"curies":[{"name":"wp","href":"https:\/\/api.w.org\/{rel}","templated":true}]}}