{"id":17130,"date":"2025-08-20T08:42:57","date_gmt":"2025-08-20T11:42:57","guid":{"rendered":"https:\/\/www.noticiasmas.com.ar\/?p=17130"},"modified":"2025-08-20T08:43:00","modified_gmt":"2025-08-20T11:43:00","slug":"autopista-cortada-tras-un-fuerte-choque-entre-camiones-en-la-intransitable-autopista-rosario-santa-fe","status":"publish","type":"post","link":"https:\/\/www.noticiasmas.com.ar\/index.php\/2025\/08\/20\/autopista-cortada-tras-un-fuerte-choque-entre-camiones-en-la-intransitable-autopista-rosario-santa-fe\/","title":{"rendered":"Autopista cortada tras un fuerte choque entre camiones en la intransitable Autopista Rosario &#8211; Santa Fe"},"content":{"rendered":"\n<p>Dos camiones protagonizaron un fuerte choque durante las primeras horas de la ma\u00f1ana de este mi\u00e9rcoles en la Autopista Rosario &#8211; Santa Fe, a la altura de la ciudad de San Lorenzo.&nbsp;<\/p>\n\n\n\n<p>El siniestro tuvo lugar en la mano descendente y cont\u00f3 con la participaci\u00f3n de dos camiones. Uno de los choferes qued\u00f3 atrapado y debi\u00f3 ser rescatado por Bomberos Zapadores de la Unidad Regional XVII.&nbsp;<\/p>\n\n\n\n<p>El tr\u00e1nsito debi\u00f3 ser interrumpido para volver a liberar la traza y garantizar la circulaci\u00f3n en una autopista cuyo avance de su obra contin\u00faa presentando inconvenientes para la normal circulaci\u00f3n, a la vez que el flujo veh\u00edcular contin\u00faa siendo sumamente elevado para las condiciones actuales de la traza.<\/p>\n","protected":false},"excerpt":{"rendered":"<p>Dos camiones protagonizaron un fuerte choque durante las primeras horas de la ma\u00f1ana de este mi\u00e9rcoles en la Autopista Rosario &#8211; Santa Fe, a la altura de la ciudad de San Lorenzo.&nbsp; El siniestro tuvo lugar en la mano descendente y cont\u00f3 con la participaci\u00f3n de dos camiones. Uno de los choferes qued\u00f3 atrapado y [&hellip;]<\/p>\n","protected":false},"author":9,"featured_media":17131,"comment_status":"closed","ping_status":"open","sticky":false,"template":"","format":"standard","meta":{"tdm_status":"","tdm_grid_status":"","footnotes":""},"categories":[9],"tags":[1583,1905,172,571],"class_list":{"0":"post-17130","1":"post","2":"type-post","3":"status-publish","4":"format-standard","5":"has-post-thumbnail","7":"category-policiales","8":"tag-autopista","9":"tag-choque","10":"tag-policiales","11":"tag-transito"},"_links":{"self":[{"href":"https:\/\/www.noticiasmas.com.ar\/index.php\/wp-json\/wp\/v2\/posts\/17130","targetHints":{"allow":["GET"]}}],"collection":[{"href":"https:\/\/www.noticiasmas.com.ar\/index.php\/wp-json\/wp\/v2\/posts"}],"about":[{"href":"https:\/\/www.noticiasmas.com.ar\/index.php\/wp-json\/wp\/v2\/types\/post"}],"author":[{"embeddable":true,"href":"https:\/\/www.noticiasmas.com.ar\/index.php\/wp-json\/wp\/v2\/users\/9"}],"replies":[{"embeddable":true,"href":"https:\/\/www.noticiasmas.com.ar\/index.php\/wp-json\/wp\/v2\/comments?post=17130"}],"version-history":[{"count":1,"href":"https:\/\/www.noticiasmas.com.ar\/index.php\/wp-json\/wp\/v2\/posts\/17130\/revisions"}],"predecessor-version":[{"id":17132,"href":"https:\/\/www.noticiasmas.com.ar\/index.php\/wp-json\/wp\/v2\/posts\/17130\/revisions\/17132"}],"wp:featuredmedia":[{"embeddable":true,"href":"https:\/\/www.noticiasmas.com.ar\/index.php\/wp-json\/wp\/v2\/media\/17131"}],"wp:attachment":[{"href":"https:\/\/www.noticiasmas.com.ar\/index.php\/wp-json\/wp\/v2\/media?parent=17130"}],"wp:term":[{"taxonomy":"category","embeddable":true,"href":"https:\/\/www.noticiasmas.com.ar\/index.php\/wp-json\/wp\/v2\/categories?post=17130"},{"taxonomy":"post_tag","embeddable":true,"href":"https:\/\/www.noticiasmas.com.ar\/index.php\/wp-json\/wp\/v2\/tags?post=17130"}],"curies":[{"name":"wp","href":"https:\/\/api.w.org\/{rel}","templated":true}]}}