{"id":17154,"date":"2025-08-20T20:29:08","date_gmt":"2025-08-20T23:29:08","guid":{"rendered":"https:\/\/www.noticiasmas.com.ar\/?p=17154"},"modified":"2025-08-20T20:29:11","modified_gmt":"2025-08-20T23:29:11","slug":"puerto-san-martin-el-grupo-despertar-fue-anfitrion-del-8vo-encuentro-igualarte-en-el-teatro-municipal","status":"publish","type":"post","link":"https:\/\/www.noticiasmas.com.ar\/index.php\/2025\/08\/20\/puerto-san-martin-el-grupo-despertar-fue-anfitrion-del-8vo-encuentro-igualarte-en-el-teatro-municipal\/","title":{"rendered":"Puerto San Mart\u00edn: El Grupo Despertar fue anfitri\u00f3n del 8vo Encuentro Igualarte en el Teatro Municipal"},"content":{"rendered":"\n<p>El Centro de D\u00eda Grupo Despertar fue el anfitri\u00f3n esta ma\u00f1ana del inicio del 8vo Encuentro Igualarte realizado en el Teatro Municipal, donde cada a\u00f1o distintas instituciones de la regi\u00f3n se suman a compartir momentos emocionantes, cargados de expresiones art\u00edsticas, como actos musicales y danzas preparadas, para compartir momentos de mucha emoci\u00f3n por el constante desarrollo de cada uno de ellos.<\/p>\n\n\n\n<p>La jornada cuenta con la participaci\u00f3n activa de instituciones educativas y culturales de la ciudad y la regi\u00f3n, como escuelas, centros de d\u00eda y organizaciones comunitarias, fortaleciendo as\u00ed lazos de colaboraci\u00f3n y sentido de pertenencia.<\/p>\n\n\n\n<figure class=\"wp-block-image size-large\"><img loading=\"lazy\" decoding=\"async\" width=\"1024\" height=\"683\" src=\"https:\/\/www.noticiasmas.com.ar\/wp-content\/uploads\/2025\/08\/Igualarte-2-1024x683.jpg\" alt=\"\" class=\"wp-image-17155\" srcset=\"https:\/\/www.noticiasmas.com.ar\/wp-content\/uploads\/2025\/08\/Igualarte-2-1024x683.jpg 1024w, https:\/\/www.noticiasmas.com.ar\/wp-content\/uploads\/2025\/08\/Igualarte-2-300x200.jpg 300w, https:\/\/www.noticiasmas.com.ar\/wp-content\/uploads\/2025\/08\/Igualarte-2-768x512.jpg 768w, https:\/\/www.noticiasmas.com.ar\/wp-content\/uploads\/2025\/08\/Igualarte-2-150x100.jpg 150w, https:\/\/www.noticiasmas.com.ar\/wp-content\/uploads\/2025\/08\/Igualarte-2-696x464.jpg 696w, https:\/\/www.noticiasmas.com.ar\/wp-content\/uploads\/2025\/08\/Igualarte-2-1068x712.jpg 1068w, https:\/\/www.noticiasmas.com.ar\/wp-content\/uploads\/2025\/08\/Igualarte-2.jpg 1200w\" sizes=\"auto, (max-width: 1024px) 100vw, 1024px\" \/><\/figure>\n\n\n\n<p>El acto de apertura estuvo presidido por el Intendente Municipal, Carlos De Grandis, acompa\u00f1ado por el presidente del Concejo Municipal, Juan Manuel De Grandis, la concejal Sonia Grassano, los secretarios de Educaci\u00f3n, Cultura y Deportes, Sebasti\u00e1n Lezcano, de Desarrollo Social, Fernando Torrens, el director del Museo del R\u00edo Paran\u00e1, Jonathan Brest, y el director de Deportes, Gustavo Rojas, docentes, miembros de los equipos interdisciplinarios. En la oportunidad, Juan Manuel De Grandis y Sonia Grassano entregaron la declaratoria de inter\u00e9s municipal del Concejo Municipal.<\/p>\n\n\n\n<p>De Grandis, se\u00f1al\u00f3: \u201cSiempre es bueno poder organizar este tipo de eventos que te llenan el alma, el coraz\u00f3n. Y yo agradecerles, l\u00f3gicamente, a cada una de las instituciones c\u00f3mo las llevan adelante. Siempre hablo de mis amigos del Grupo Despertar que son mi devoci\u00f3n, son mi cable a tierra. Me voy a comer una milanesa con ellos y la realidad es que la paso de 10. Y que hoy, de alguna manera, tambi\u00e9n est\u00e9n ellos aqu\u00ed, para m\u00ed es importante. Pero es importante todo el trabajo que hacen cada uno en sus distintas \u00e1reas, y el equipo interdisciplinario\u201d.<\/p>\n\n\n\n<figure class=\"wp-block-image size-large\"><img loading=\"lazy\" decoding=\"async\" width=\"1024\" height=\"683\" src=\"https:\/\/www.noticiasmas.com.ar\/wp-content\/uploads\/2025\/08\/Igualarte-3-1024x683.jpg\" alt=\"\" class=\"wp-image-17156\" srcset=\"https:\/\/www.noticiasmas.com.ar\/wp-content\/uploads\/2025\/08\/Igualarte-3-1024x683.jpg 1024w, https:\/\/www.noticiasmas.com.ar\/wp-content\/uploads\/2025\/08\/Igualarte-3-300x200.jpg 300w, https:\/\/www.noticiasmas.com.ar\/wp-content\/uploads\/2025\/08\/Igualarte-3-768x512.jpg 768w, https:\/\/www.noticiasmas.com.ar\/wp-content\/uploads\/2025\/08\/Igualarte-3-150x100.jpg 150w, https:\/\/www.noticiasmas.com.ar\/wp-content\/uploads\/2025\/08\/Igualarte-3-696x464.jpg 696w, https:\/\/www.noticiasmas.com.ar\/wp-content\/uploads\/2025\/08\/Igualarte-3-1068x712.jpg 1068w, https:\/\/www.noticiasmas.com.ar\/wp-content\/uploads\/2025\/08\/Igualarte-3.jpg 1200w\" sizes=\"auto, (max-width: 1024px) 100vw, 1024px\" \/><\/figure>\n\n\n\n<p>De Grandis destac\u00f3 que los chicos del grupo Despertar hayan escrito la letra de la m\u00fasica que interpretaron, y adem\u00e1s, lanz\u00f3 una cr\u00edtica hacia quienes recortan financiamiento a la discapacidad. \u201cEstos chicos son un ejemplo para aquellos que a nivel nacional insisten en no aportar recursos que sirven para sostener la inclusi\u00f3n, y estas instituciones\u201d, afirm\u00f3.<\/p>\n\n\n\n<p>Participaron las escuelas Gobernador Cullen N\u00b0 6033, la Escuela Especial Arnold Gesell N\u00b0 2074, la Escuela Juana Manso N\u00b0 1398, CREE, la Escuela Basilio Bustos N\u00b0 221, MERAKI, la Escuela Batalla Punta Quebracho N\u00b0 1360, las escuelas primaria y secundaria Ni\u00f1o Jes\u00fas, y el Polo Educativo.<\/p>\n\n\n\n<figure class=\"wp-block-image size-large\"><img loading=\"lazy\" decoding=\"async\" width=\"1024\" height=\"683\" src=\"https:\/\/www.noticiasmas.com.ar\/wp-content\/uploads\/2025\/08\/Igualarte-4-1024x683.jpg\" alt=\"\" class=\"wp-image-17157\" srcset=\"https:\/\/www.noticiasmas.com.ar\/wp-content\/uploads\/2025\/08\/Igualarte-4-1024x683.jpg 1024w, https:\/\/www.noticiasmas.com.ar\/wp-content\/uploads\/2025\/08\/Igualarte-4-300x200.jpg 300w, https:\/\/www.noticiasmas.com.ar\/wp-content\/uploads\/2025\/08\/Igualarte-4-768x512.jpg 768w, https:\/\/www.noticiasmas.com.ar\/wp-content\/uploads\/2025\/08\/Igualarte-4-150x100.jpg 150w, https:\/\/www.noticiasmas.com.ar\/wp-content\/uploads\/2025\/08\/Igualarte-4-696x464.jpg 696w, https:\/\/www.noticiasmas.com.ar\/wp-content\/uploads\/2025\/08\/Igualarte-4-1068x712.jpg 1068w, https:\/\/www.noticiasmas.com.ar\/wp-content\/uploads\/2025\/08\/Igualarte-4.jpg 1200w\" sizes=\"auto, (max-width: 1024px) 100vw, 1024px\" \/><\/figure>\n\n\n\n<p>\u201cIgualarte\u201d es una celebraci\u00f3n de la inclusi\u00f3n, un homenaje a la libre expresi\u00f3n y un testimonio del valor de la participaci\u00f3n ciudadana como motor de cambio social.<\/p>\n\n\n\n<p>Los chicos cantan, bailan reggaet\u00f3n, cumbia chamam\u00e9 escritas por ellos mismos, interpretan, contagiando entusiasmo y pura emoci\u00f3n, con puestas en escena que se supera cada a\u00f1o en producci\u00f3n coreogr\u00e1fica, vestuario, luces y calidad art\u00edstica.<\/p>\n","protected":false},"excerpt":{"rendered":"<p>El Centro de D\u00eda Grupo Despertar fue el anfitri\u00f3n esta ma\u00f1ana del inicio del 8vo Encuentro Igualarte realizado en el Teatro Municipal, donde cada a\u00f1o distintas instituciones de la regi\u00f3n se suman a compartir momentos emocionantes, cargados de expresiones art\u00edsticas, como actos musicales y danzas preparadas, para compartir momentos de mucha emoci\u00f3n por el constante [&hellip;]<\/p>\n","protected":false},"author":5,"featured_media":17158,"comment_status":"closed","ping_status":"open","sticky":false,"template":"","format":"standard","meta":{"tdm_status":"","tdm_grid_status":"","footnotes":""},"categories":[13],"tags":[5132,2913,2914,52,2564],"class_list":{"0":"post-17154","1":"post","2":"type-post","3":"status-publish","4":"format-standard","5":"has-post-thumbnail","7":"category-region","8":"tag-8o-edicion","9":"tag-grupo-despertar","10":"tag-igualarte","11":"tag-puerto-san-martin","12":"tag-teatro-municipal"},"_links":{"self":[{"href":"https:\/\/www.noticiasmas.com.ar\/index.php\/wp-json\/wp\/v2\/posts\/17154","targetHints":{"allow":["GET"]}}],"collection":[{"href":"https:\/\/www.noticiasmas.com.ar\/index.php\/wp-json\/wp\/v2\/posts"}],"about":[{"href":"https:\/\/www.noticiasmas.com.ar\/index.php\/wp-json\/wp\/v2\/types\/post"}],"author":[{"embeddable":true,"href":"https:\/\/www.noticiasmas.com.ar\/index.php\/wp-json\/wp\/v2\/users\/5"}],"replies":[{"embeddable":true,"href":"https:\/\/www.noticiasmas.com.ar\/index.php\/wp-json\/wp\/v2\/comments?post=17154"}],"version-history":[{"count":1,"href":"https:\/\/www.noticiasmas.com.ar\/index.php\/wp-json\/wp\/v2\/posts\/17154\/revisions"}],"predecessor-version":[{"id":17159,"href":"https:\/\/www.noticiasmas.com.ar\/index.php\/wp-json\/wp\/v2\/posts\/17154\/revisions\/17159"}],"wp:featuredmedia":[{"embeddable":true,"href":"https:\/\/www.noticiasmas.com.ar\/index.php\/wp-json\/wp\/v2\/media\/17158"}],"wp:attachment":[{"href":"https:\/\/www.noticiasmas.com.ar\/index.php\/wp-json\/wp\/v2\/media?parent=17154"}],"wp:term":[{"taxonomy":"category","embeddable":true,"href":"https:\/\/www.noticiasmas.com.ar\/index.php\/wp-json\/wp\/v2\/categories?post=17154"},{"taxonomy":"post_tag","embeddable":true,"href":"https:\/\/www.noticiasmas.com.ar\/index.php\/wp-json\/wp\/v2\/tags?post=17154"}],"curies":[{"name":"wp","href":"https:\/\/api.w.org\/{rel}","templated":true}]}}